{"id":194,"date":"2008-05-19T16:06:00","date_gmt":"2008-05-19T16:06:00","guid":{"rendered":"http:\/\/peresabat.wordpress.com\/2008\/05\/19\/si-volem-podem"},"modified":"2008-05-19T16:06:00","modified_gmt":"2008-05-19T16:06:00","slug":"si-volem-podem","status":"publish","type":"post","link":"https:\/\/www.blocdelsabat.cat\/?p=194","title":{"rendered":"Si volem, podem!"},"content":{"rendered":"<div align=\"justify\"><a href=\"http:\/\/peresabat.files.wordpress.com\/2008\/05\/ei1.jpg\"><img decoding=\"async\" alt=\"\" src=\"http:\/\/peresabat.files.wordpress.com\/2008\/05\/ei1.jpg?w=240\" border=\"0\" \/><\/a> <span style=\"font-family:arial;font-size:130%;\">Doncs s\u00ed, si volem podem, aix\u00ed de clar. Fa uns dies escrivia tot jugant al joc de comparar les prim\u00e0ries dem\u00f2crates als USA i les d\u2019Esquerra al nostre pa\u00eds, que Esquerra Independentista es podia comparar al John Edwards. Aquesta comparaci\u00f3 la feia sobretot pensant en l\u2019arrel pol\u00edtica de les dues candidatures. <\/span><span style=\"font-family:arial;font-size:130%;\"><\/div>\n<div align=\"justify\">Tant Edwards com Esquerra Independentista, representen la puresa ideol\u00f2gica dels respectius partits. Al Partit Dem\u00f2crata tant Obama com Hillary han plantejat un programa m\u00e9s presidencial que no pas de prim\u00e0ries. Un programa sobretot pensat en la futura campanya Presidencial i per tant abandonant en un cert sentit l\u2019espai m\u00e9s &#8220;left&#8221; o liberal del partit. Esquerra Independentista tamb\u00e9 recull aquesta puresa. Esquerra Independentista defensa el valor &#8220;d\u2019esquerres&#8221; com a motor de benestar, defensa el republicanisme com a punt d\u2019uni\u00f3 i de cultura democr\u00e0tica, alhora que posa l\u2019accent independentista per sobre dels altres dues. Per tant, defensa la mateixa praxi ideol\u00f2gica que l\u2019Esquerra del 2003, aquella Esquerra que va il\u00b7lusionar i engrescar a milers de catalans. <\/div>\n<div align=\"justify\">Alg\u00fa podria dir, tot seguint el joc, que l\u2019Edwards es va retirar de la cursa de les prim\u00e0ries i que al final ha acabat donant el seu suport a Barack Obama. S\u00ed \u00e9s cert. Alg\u00fa, seguint el joc, podria dir que Esquerra Independentista ara abandonar\u00e0 i que donar\u00e0 suport al Barack Obama d\u2019Esquerra. S\u00ed \u00e9s cert, es podria donar el cas. El problema, o la sort, de les prim\u00e0ries d\u2019Esquerra, \u00e9s que Obama i Edwards s\u00f3n el mateix.<\/div>\n<div align=\"justify\">Esquerra Independentista representa perfectament aquestes dues figures, Esquerra Independentista representa tant la puresa ideol\u00f2gica que defensava Edwards, com el canvi que propugna Obama arreu dels Estats Units. Esquerra Independentista \u00e9s il\u00b7lusi\u00f3, Esquerra Independentista \u00e9s esperan\u00e7a. <\/div>\n<div align=\"justify\">Esquerra Independentista ha sabut articular un projecte s\u00f2lid, pautat i ambici\u00f3s per avan\u00e7ar cap a la llibertat, Esquerra Independentista ha sabut projectar un model de partit nou, fresc i modern, Esquerra Independentista ha sabut sumar personalitats destacades de la societat civil per sumar-se al seu projecte, Esquerra Independentista ha sabut fer una campanya en positiu i optimista. <\/div>\n<div align=\"justify\">Esquerra Independentista \u00e9s el canvi en el que podem creure, Esquerra Independentista \u00e9s el vot del canvi, ara \u00e9s el moment d\u2019Esquerra Independentista.<\/div>\n<div align=\"justify\">Si volem, podem!<\/div>\n<p><\/span><br \/><\/span><\/p>\n<div class=\"blogger-post-footer\"><img width='1' height='1' src='https:\/\/blogger.googleusercontent.com\/tracker\/2467933452740288616-5661910958190085857?l=peresabat.blogspot.com' alt='' \/><\/div>\n","protected":false},"excerpt":{"rendered":"<p>Doncs s\u00ed, si volem podem, aix\u00ed de clar. Fa uns dies escrivia tot jugant al joc de comparar les prim\u00e0ries dem\u00f2crates als USA i les d\u2019Esquerra al nostre pa\u00eds, que Esquerra Independentista es podia comparar al John Edwards. Aquesta comparaci\u00f3 la feia sobretot pensant en l\u2019arrel pol\u00edtica de les dues candidatures. Tant Edwards com Esquerra&#8230;<\/p>\n","protected":false},"author":2,"featured_media":0,"comment_status":"open","ping_status":"open","sticky":false,"template":"","format":"standard","meta":{"footnotes":""},"categories":[26],"tags":[],"class_list":["post-194","post","type-post","status-publish","format-standard","hentry","category-uncategorized"],"_links":{"self":[{"href":"https:\/\/www.blocdelsabat.cat\/index.php?rest_route=\/wp\/v2\/posts\/194","targetHints":{"allow":["GET"]}}],"collection":[{"href":"https:\/\/www.blocdelsabat.cat\/index.php?rest_route=\/wp\/v2\/posts"}],"about":[{"href":"https:\/\/www.blocdelsabat.cat\/index.php?rest_route=\/wp\/v2\/types\/post"}],"author":[{"embeddable":true,"href":"https:\/\/www.blocdelsabat.cat\/index.php?rest_route=\/wp\/v2\/users\/2"}],"replies":[{"embeddable":true,"href":"https:\/\/www.blocdelsabat.cat\/index.php?rest_route=%2Fwp%2Fv2%2Fcomments&post=194"}],"version-history":[{"count":0,"href":"https:\/\/www.blocdelsabat.cat\/index.php?rest_route=\/wp\/v2\/posts\/194\/revisions"}],"wp:attachment":[{"href":"https:\/\/www.blocdelsabat.cat\/index.php?rest_route=%2Fwp%2Fv2%2Fmedia&parent=194"}],"wp:term":[{"taxonomy":"category","embeddable":true,"href":"https:\/\/www.blocdelsabat.cat\/index.php?rest_route=%2Fwp%2Fv2%2Fcategories&post=194"},{"taxonomy":"post_tag","embeddable":true,"href":"https:\/\/www.blocdelsabat.cat\/index.php?rest_route=%2Fwp%2Fv2%2Ftags&post=194"}],"curies":[{"name":"wp","href":"https:\/\/api.w.org\/{rel}","templated":true}]}}