{"id":208,"date":"2008-05-27T18:48:00","date_gmt":"2008-05-27T18:48:00","guid":{"rendered":"http:\/\/peresabat.wordpress.com\/2008\/05\/27\/casa-meva-casa-vostre-www-casesdalgu-wordpress-com"},"modified":"2008-05-27T18:48:00","modified_gmt":"2008-05-27T18:48:00","slug":"casa-meva-casa-vostre-www-casesdalgu-wordpress-com","status":"publish","type":"post","link":"https:\/\/www.blocdelsabat.cat\/?p=208","title":{"rendered":"Casa meva, Casa vostre: www.casesdalgu.wordpress.com"},"content":{"rendered":"<div align=\"justify\"><a href=\"http:\/\/peresabat.files.wordpress.com\/2008\/05\/casararac3a3c2a71.jpg\"><img decoding=\"async\" alt=\"\" src=\"http:\/\/peresabat.files.wordpress.com\/2008\/05\/casararac3a7.jpg?w=300\" border=\"0\" \/><\/a> <span style=\"font-family:arial;font-size:130%;\">Avui, i sense que serveixi de precedent, far\u00e9 una mica d\u2019autobombo. <\/span><span style=\"font-family:arial;font-size:130%;\"><\/div>\n<div align=\"justify\">En l\u2019assignatura de T\u00e8cniques d\u2019Investigaci\u00f3 al final de trimestre s\u2019ha d\u2019entregar un treball relacionat amb la immigraci\u00f3, seguint unes pautes i uns m\u00e8todes concrets. <\/div>\n<div align=\"justify\">Aquest cop, he tingut la sort de formar part d\u2019un grup, amb l\u2019\u00c0lex Bastardas, l\u2019Eloi Poch, el Jordi Bolado i el Guillem Carol, on la creativitat est\u00e0 al poder. La creativitat entesa com l\u2019art de trobar els mecanismes necessaris per poder treure or d\u2019on nom\u00e9s hi ha fum. <\/div>\n<div align=\"justify\">Avui la M\u00f2nica Terribas feia un brillant article dins la s\u00e8rie &#8220;Cap on va Catalunya&#8221; del diari AVUI. La Directora feia un elogi a la creativitat, concretament a la tensi\u00f3 creativa. Segurament \u00e9s aix\u00f2 el que ens ha passat a nosaltres, buscant formes per fer el treball m\u00e9s menjable, vam trobar la idea. Una idea que, amb tots els respectes, crec que encara no s\u2019ha aplicat. Fer un bloc del projecte d\u2019investigaci\u00f3.<\/div>\n<div align=\"justify\"><\/div>\n<div align=\"justify\">Aquest fet segurament nom\u00e9s podria passar tenint dins el grup un dels blocaires de refer\u00e8ncia del pa\u00eds, el Guillem Carol.<\/div>\n<div align=\"justify\">Entre tots els membres del grup anirem farcint de v\u00eddeos i d\u2019informaci\u00f3 aquest bloc, dotant-lo dels elements necessaris per intentar fer un treball correcte. <\/div>\n<div align=\"justify\">Si teniu temps sobrant, podeu donar-hi un tomb.<\/div>\n<div align=\"justify\"><\/span><a href=\"http:\/\/www.casesdalgu.wordpress.com\/\"><span style=\"font-family:arial;font-size:130%;\">www.casesdalgu.wordpress.com<\/span><\/a><span style=\"font-family:arial;font-size:130%;\"> <\/span><\/div>\n<div align=\"justify\"><span style=\"font-family:Arial;font-size:130%;\"><\/span> <\/div>\n<div class=\"blogger-post-footer\"><img width='1' height='1' src='https:\/\/blogger.googleusercontent.com\/tracker\/2467933452740288616-7367735734229735854?l=peresabat.blogspot.com' alt='' \/><\/div>\n","protected":false},"excerpt":{"rendered":"<p>Avui, i sense que serveixi de precedent, far\u00e9 una mica d\u2019autobombo. En l\u2019assignatura de T\u00e8cniques d\u2019Investigaci\u00f3 al final de trimestre s\u2019ha d\u2019entregar un treball relacionat amb la immigraci\u00f3, seguint unes pautes i uns m\u00e8todes concrets. Aquest cop, he tingut la sort de formar part d\u2019un grup, amb l\u2019\u00c0lex Bastardas, l\u2019Eloi Poch, el Jordi Bolado i&#8230;<\/p>\n","protected":false},"author":2,"featured_media":0,"comment_status":"open","ping_status":"open","sticky":false,"template":"","format":"standard","meta":{"footnotes":""},"categories":[26],"tags":[],"class_list":["post-208","post","type-post","status-publish","format-standard","hentry","category-uncategorized"],"_links":{"self":[{"href":"https:\/\/www.blocdelsabat.cat\/index.php?rest_route=\/wp\/v2\/posts\/208","targetHints":{"allow":["GET"]}}],"collection":[{"href":"https:\/\/www.blocdelsabat.cat\/index.php?rest_route=\/wp\/v2\/posts"}],"about":[{"href":"https:\/\/www.blocdelsabat.cat\/index.php?rest_route=\/wp\/v2\/types\/post"}],"author":[{"embeddable":true,"href":"https:\/\/www.blocdelsabat.cat\/index.php?rest_route=\/wp\/v2\/users\/2"}],"replies":[{"embeddable":true,"href":"https:\/\/www.blocdelsabat.cat\/index.php?rest_route=%2Fwp%2Fv2%2Fcomments&post=208"}],"version-history":[{"count":0,"href":"https:\/\/www.blocdelsabat.cat\/index.php?rest_route=\/wp\/v2\/posts\/208\/revisions"}],"wp:attachment":[{"href":"https:\/\/www.blocdelsabat.cat\/index.php?rest_route=%2Fwp%2Fv2%2Fmedia&parent=208"}],"wp:term":[{"taxonomy":"category","embeddable":true,"href":"https:\/\/www.blocdelsabat.cat\/index.php?rest_route=%2Fwp%2Fv2%2Fcategories&post=208"},{"taxonomy":"post_tag","embeddable":true,"href":"https:\/\/www.blocdelsabat.cat\/index.php?rest_route=%2Fwp%2Fv2%2Ftags&post=208"}],"curies":[{"name":"wp","href":"https:\/\/api.w.org\/{rel}","templated":true}]}}