{"id":213,"date":"2008-05-28T16:28:00","date_gmt":"2008-05-28T16:28:00","guid":{"rendered":"http:\/\/peresabat.wordpress.com\/2008\/05\/28\/el-poder-delegir"},"modified":"2008-05-28T16:28:00","modified_gmt":"2008-05-28T16:28:00","slug":"el-poder-delegir","status":"publish","type":"post","link":"https:\/\/www.blocdelsabat.cat\/?p=213","title":{"rendered":"El poder d&#8217;elegir"},"content":{"rendered":"<div align=\"justify\"><a href=\"http:\/\/peresabat.files.wordpress.com\/2008\/05\/elegir1.jpg\"><img decoding=\"async\" alt=\"\" src=\"http:\/\/peresabat.files.wordpress.com\/2008\/05\/elegir1.jpg?w=300\" border=\"0\" \/><\/a> <span style=\"font-family:arial;font-size:130%;\">En la vida hi ha coses inevitables, creixem, aprenem, perdem, guanyem\u2026 En totes aquestes fites tenim la possibilitat d\u2019elegir. Elegir el com, el qu\u00e8, el quan i el qui, i depenent del que elegim el resultat ser\u00e0 un o altre.<\/span><span style=\"font-family:arial;font-size:130%;\"><\/div>\n<div align=\"justify\">Aquesta correlaci\u00f3 tan \u00e9s aplicable a subjectes individuals com a subjectes col\u00b7lectius. Ahir escrivia sobre la import\u00e0ncia de formar part de grups creatius i potents a l\u2019hora de realitzar una tasca concreta. Formar part de grups potents no nom\u00e9s ha de ser aplicable a projectes individuals o redu\u00efts, sin\u00f3 que tamb\u00e9 pot i ha de ser-ho per projectes col\u00b7lectius de gran envergadura. <\/div>\n<div align=\"justify\">El projecte de m\u00e9s envergadura que tenim entre les mans \u00e9s sens dubte el de la Independ\u00e8ncia del Principat. \u00c9s \u00e0mpliament acceptat que la Independ\u00e8ncia no caur\u00e0 com fruita madura, sin\u00f3 que abans s\u2019haur\u00e0 de treballar molt la terra perqu\u00e8 hi pugui cr\u00e9ixer l\u2019arbre. Per\u00f2 sols no podrem.<br \/>Un altre punt en el qual hi ha unanimitat \u00e9s en qu\u00e8 per ser lliures, abans, s\u2019haur\u00e0 de buscar i elegir aliats internacionals disposats a ajudar a portar el terme el projecte i despr\u00e8s a recon\u00e8ixer el nou Estat Catal\u00e0. On ja no hi ha unanimitat \u00e9s en quins aliats buscar i elegir.<\/div>\n<div align=\"justify\">Hi ha la visi\u00f3 de l\u2019esquerra marginal i dogm\u00e0tica m\u00e9s semblant a la FAI dels anys 30 que una altra cosa, que sempre advoca per alinear-se amb els R\u00e8gims, autoanomenats, com a comunistes. Com a exemple nom\u00e9s dir que en les passades eleccions municipals el candidat de la Cup a Vilafranca davant la pregunta sobre qui elegiria entre Estats Units i Cuba immediatament va elegir Cuba.<br \/>Aquesta posici\u00f3 \u00e9s del tot infantil i perjudicial de cara buscar i aconseguir la Independ\u00e8ncia. L\u2019etiquetaci\u00f3 que aquesta esquerra fa en relaci\u00f3 a determinats pa\u00efsos \u00e9s molt perjudicial pel proc\u00e9s d\u2019emancipaci\u00f3 nacional que es persegueix, ja que impossibilita fer part\u00edcips uns estats claus per aconseguir la plena sobirania per Catalunya.<br \/>Aquesta posici\u00f3, com he dit, \u00e9s molt semblant a la de la FAI durant la Guerra d\u2019Espanya en qu\u00e8 van preferir fer la Revoluci\u00f3 que no pas guanyar la Guerra. Van elegir la Revoluci\u00f3, i el resultat va ser devastador.<\/div>\n<div align=\"justify\">Davant d\u2019aquesta visi\u00f3 el que s\u2019ha de prioritzar \u00e9s la visi\u00f3 de l\u2019esquerra moderna, la visi\u00f3 de l\u2019esquerra independentista. Per aconseguir la Independ\u00e8ncia no podrem anar nom\u00e9s amb Andorra, Kosovo i Montenegro. Per arribar a la Independ\u00e8ncia, agradi o no, s\u2019haur\u00e0 de fer amb els Estats Units, alguna pot\u00e8ncia dins la Uni\u00f3 Europea i segurament tamb\u00e9 amb Israel. <\/div>\n<div align=\"justify\">Per fer-ho possible per\u00f2, cal actuar amb responsabilitat i amb visi\u00f3 d\u2019estat i no amb visi\u00f3 de tert\u00falia de caf\u00e8. L\u2019esquerra pro-palestina i anti-americana, ha de prioritzar, ha d\u2019elegir. O revoluci\u00f3 a l\u2019estil Chavez o Independ\u00e8ncia. L\u2019amistat i col\u00b7laboraci\u00f3 amb pa\u00efsos amb governs d\u2019esquerres, com Bol\u00edvia, s\u2019han de fer, per\u00f2 no a com a escut per tenir una posici\u00f3 contr\u00e0ria i en alguns cas bel\u00b7ligerant contra els Estats Units, perqu\u00e8 sense els Estats Units no hi haur\u00e0 pas Independ\u00e8ncia. <\/div>\n<div align=\"justify\">S\u00ed l\u2019esquerra faista vol participar en el proc\u00e9s independentista ho ha de tenir clar, no totes les accions seran id\u00edl\u00b7liques, si no ho t\u00e9 clar, si no hi est\u00e0 disposada, que continu\u00efn fent tert\u00falies mentre el temps va passant i seguim emmanillats a Espanya tot rient les tonteries del Chavez.<\/div>\n<p><\/span><\/p>\n<div class=\"blogger-post-footer\"><img width='1' height='1' src='https:\/\/blogger.googleusercontent.com\/tracker\/2467933452740288616-6098156350994537711?l=peresabat.blogspot.com' alt='' \/><\/div>\n","protected":false},"excerpt":{"rendered":"<p>En la vida hi ha coses inevitables, creixem, aprenem, perdem, guanyem\u2026 En totes aquestes fites tenim la possibilitat d\u2019elegir. Elegir el com, el qu\u00e8, el quan i el qui, i depenent del que elegim el resultat ser\u00e0 un o altre. Aquesta correlaci\u00f3 tan \u00e9s aplicable a subjectes individuals com a subjectes col\u00b7lectius. Ahir escrivia sobre&#8230;<\/p>\n","protected":false},"author":2,"featured_media":0,"comment_status":"open","ping_status":"open","sticky":false,"template":"","format":"standard","meta":{"footnotes":""},"categories":[26],"tags":[],"class_list":["post-213","post","type-post","status-publish","format-standard","hentry","category-uncategorized"],"_links":{"self":[{"href":"https:\/\/www.blocdelsabat.cat\/index.php?rest_route=\/wp\/v2\/posts\/213","targetHints":{"allow":["GET"]}}],"collection":[{"href":"https:\/\/www.blocdelsabat.cat\/index.php?rest_route=\/wp\/v2\/posts"}],"about":[{"href":"https:\/\/www.blocdelsabat.cat\/index.php?rest_route=\/wp\/v2\/types\/post"}],"author":[{"embeddable":true,"href":"https:\/\/www.blocdelsabat.cat\/index.php?rest_route=\/wp\/v2\/users\/2"}],"replies":[{"embeddable":true,"href":"https:\/\/www.blocdelsabat.cat\/index.php?rest_route=%2Fwp%2Fv2%2Fcomments&post=213"}],"version-history":[{"count":0,"href":"https:\/\/www.blocdelsabat.cat\/index.php?rest_route=\/wp\/v2\/posts\/213\/revisions"}],"wp:attachment":[{"href":"https:\/\/www.blocdelsabat.cat\/index.php?rest_route=%2Fwp%2Fv2%2Fmedia&parent=213"}],"wp:term":[{"taxonomy":"category","embeddable":true,"href":"https:\/\/www.blocdelsabat.cat\/index.php?rest_route=%2Fwp%2Fv2%2Fcategories&post=213"},{"taxonomy":"post_tag","embeddable":true,"href":"https:\/\/www.blocdelsabat.cat\/index.php?rest_route=%2Fwp%2Fv2%2Ftags&post=213"}],"curies":[{"name":"wp","href":"https:\/\/api.w.org\/{rel}","templated":true}]}}