{"id":214,"date":"2008-05-29T15:34:00","date_gmt":"2008-05-29T15:34:00","guid":{"rendered":"http:\/\/peresabat.wordpress.com\/2008\/05\/29\/critics-i-critics-ii"},"modified":"2008-05-29T15:34:00","modified_gmt":"2008-05-29T15:34:00","slug":"critics-i-critics-ii","status":"publish","type":"post","link":"https:\/\/www.blocdelsabat.cat\/?p=214","title":{"rendered":"Cr\u00edtics i cr\u00edtics (II)"},"content":{"rendered":"<div align=\"justify\"><a href=\"http:\/\/peresabat.files.wordpress.com\/2008\/05\/rcat3.png\"><img decoding=\"async\" alt=\"\" src=\"http:\/\/peresabat.files.wordpress.com\/2008\/05\/rcat3.png?w=120\" border=\"0\" \/><\/a> <span style=\"font-family:arial;font-size:130%;\">Aquests dies hi ha hagut certa pol\u00e8mica en relaci\u00f3 a l\u2019article que l\u2019Eduard Voltas va fer en relaci\u00f3 al proc\u00e9s de prim\u00e0ries a Esquerra Republicana. Avui V\u00edctor Alexandre ha respost les cr\u00edtiques de Voltas a Carretero tamb\u00e9 amb un article al diari AVUI.<\/span><span style=\"font-family:arial;font-size:130%;\"><\/div>\n<div align=\"justify\">No entrar\u00e9 en les cr\u00edtiques i contra cr\u00edtiques d\u2019un i altre, per\u00f2 s\u00ed que aportar\u00e9 nous arguments de perqu\u00e8 crec que l\u2019alternativa que presenta Carretero i la seva candidatura no haurien de sortir com a vencedors del canvi en les prim\u00e0ries. <\/div>\n<div align=\"justify\">Primerament dir que Carretero planteja un programa basat en fer d\u2019Esquerra la for\u00e7a majorit\u00e0ria de Catalunya. Molt b\u00e9, el problema \u00e9s que no explica com, perqu\u00e8, recuperant les seves ess\u00e8ncies, Esquerra no passar\u00e0 dels 12 diputats. Carretero suposa un creixement exponencial d\u2019Esquerra un cop s\u2019hagi donat prioritat \u00fanica a l\u2019eix nacional. Aqu\u00ed \u00e9s on hi ha l\u2019error. La prioritat ideol\u00f2gica no ha de ser l\u2019eix nacional, sin\u00f3 l\u2019eix democr\u00e0tic i sobiranista. Ara hi ha m\u00e9s de 800.000 catalans i catalanes que es decanten per aquesta opci\u00f3, per l\u2019opci\u00f3 independentista, i aquest eix no t\u00e9 perqu\u00e8 coincidir amb l\u2019eix nacional. <\/div>\n<div align=\"justify\">Tampoc crec que Reagrupament hagi de ser la candidatura guanyadora per una q\u00fcesti\u00f3 de coher\u00e8ncia. RCat va n\u00e9ixer plantejant un \u00fanic pacte possible al Principat. RCat nom\u00e9s contemplava pactar amb CiU. Ara en canvi diu que es pot pactar amb qui m\u00e9s convingui en cada moment. Per tant, un cop m\u00e9s Carretero canvia el discurs per inter\u00e8s electoral, tot prescindint de la coher\u00e8ncia que no es cansa de demanar als altres candidats. <\/div>\n<div align=\"justify\">Un altre punt en qu\u00e8 crec que Carretero es posa en evid\u00e8ncia, \u00e9s en el seu full de ruta cap a la independ\u00e8ncia. Tal i com es va publicar al diari AVUI, el full de ruta de RCat \u00e9s que Esquerra tregui majoria absoluta i proclami unilateralment la independ\u00e8ncia. Massa simple, massa il\u00b7l\u00fas, massa il\u00b7luminat, massa messi\u00e0nic. No es pot prendre seriosament un projecte basat en la proclamaci\u00f3 unilateral fruit d\u2019una majoria absoluta ara per ara inimaginable i ut\u00f2pica. Esquerra el que ha de fer \u00e9s seguir fent de mosca collonera i anar sumant suports, interns o externs, a favor de la causa de la independ\u00e8ncia. Seria fant\u00e0stic que alg\u00fa d\u2019Esquerra pogu\u00e9s declarar la independ\u00e8ncia des d\u2019un sal\u00f3 del Palau de la Generalitat com a President del Principat, per\u00f2 segurament no ser\u00e0 aix\u00ed. Dir que Esquerra ha de treure majoria absoluta per poder ser independents, \u00e9s d\u2019una simplesa que quasi b\u00e9 \u00e9s insultant, m\u00e9s que res, perqu\u00e8 aquesta condici\u00f3 allunya una mica m\u00e9s el somni, cada cop menys, de la llibertat. <\/div>\n<div align=\"justify\">Esquerra necessita un canvi, s\u00ed. Esquerra necessita renovar l\u2019estrat\u00e8gia, s\u00ed. Esquerra necessita nous lideratges, s\u00ed. Per\u00f2 aquests canvis no poden basar-se en tornades al passat, aquests canvis no es poden basar en projectes irrealitzables.<br \/>Aquests canvis han de basar-se en un pla pautat, seri\u00f3s i ambici\u00f3s cap a la independ\u00e8ncia, aquests canvis han de basar-se en retrobar els valors que van fer que Esquerra pug\u00e9s l\u2019any 2003, aquests canvis han de basar-se en la credibilitat, aquests canvis han de basar-se en un nou model de partit. <\/div>\n<div align=\"justify\">Nom\u00e9s aix\u00ed, Esquerra tornar\u00e0 a ser el paller que Catalunya necessita, nom\u00e9s aix\u00ed, junts podrem guanyar la llibertat.<\/div>\n<div align=\"justify\"><\/span> <\/div>\n<div class=\"blogger-post-footer\"><img width='1' height='1' src='https:\/\/blogger.googleusercontent.com\/tracker\/2467933452740288616-3981691583280093687?l=peresabat.blogspot.com' alt='' \/><\/div>\n","protected":false},"excerpt":{"rendered":"<p>Aquests dies hi ha hagut certa pol\u00e8mica en relaci\u00f3 a l\u2019article que l\u2019Eduard Voltas va fer en relaci\u00f3 al proc\u00e9s de prim\u00e0ries a Esquerra Republicana. Avui V\u00edctor Alexandre ha respost les cr\u00edtiques de Voltas a Carretero tamb\u00e9 amb un article al diari AVUI. No entrar\u00e9 en les cr\u00edtiques i contra cr\u00edtiques d\u2019un i altre, per\u00f2&#8230;<\/p>\n","protected":false},"author":2,"featured_media":0,"comment_status":"open","ping_status":"open","sticky":false,"template":"","format":"standard","meta":{"footnotes":""},"categories":[26],"tags":[],"class_list":["post-214","post","type-post","status-publish","format-standard","hentry","category-uncategorized"],"_links":{"self":[{"href":"https:\/\/www.blocdelsabat.cat\/index.php?rest_route=\/wp\/v2\/posts\/214","targetHints":{"allow":["GET"]}}],"collection":[{"href":"https:\/\/www.blocdelsabat.cat\/index.php?rest_route=\/wp\/v2\/posts"}],"about":[{"href":"https:\/\/www.blocdelsabat.cat\/index.php?rest_route=\/wp\/v2\/types\/post"}],"author":[{"embeddable":true,"href":"https:\/\/www.blocdelsabat.cat\/index.php?rest_route=\/wp\/v2\/users\/2"}],"replies":[{"embeddable":true,"href":"https:\/\/www.blocdelsabat.cat\/index.php?rest_route=%2Fwp%2Fv2%2Fcomments&post=214"}],"version-history":[{"count":0,"href":"https:\/\/www.blocdelsabat.cat\/index.php?rest_route=\/wp\/v2\/posts\/214\/revisions"}],"wp:attachment":[{"href":"https:\/\/www.blocdelsabat.cat\/index.php?rest_route=%2Fwp%2Fv2%2Fmedia&parent=214"}],"wp:term":[{"taxonomy":"category","embeddable":true,"href":"https:\/\/www.blocdelsabat.cat\/index.php?rest_route=%2Fwp%2Fv2%2Fcategories&post=214"},{"taxonomy":"post_tag","embeddable":true,"href":"https:\/\/www.blocdelsabat.cat\/index.php?rest_route=%2Fwp%2Fv2%2Ftags&post=214"}],"curies":[{"name":"wp","href":"https:\/\/api.w.org\/{rel}","templated":true}]}}