{"id":231,"date":"2008-06-09T15:36:00","date_gmt":"2008-06-09T15:36:00","guid":{"rendered":"http:\/\/peresabat.wordpress.com\/2008\/06\/09\/i-despres-de-dissabte-unitat"},"modified":"2008-06-09T15:36:00","modified_gmt":"2008-06-09T15:36:00","slug":"i-despres-de-dissabte-unitat","status":"publish","type":"post","link":"https:\/\/www.blocdelsabat.cat\/?p=231","title":{"rendered":"I despr\u00e8s de Dissabte: Unitat"},"content":{"rendered":"<p><a href=\"http:\/\/peresabat.files.wordpress.com\/2008\/06\/esquerra-logo4.jpg\"><img loading=\"lazy\" decoding=\"async\" height=\"127\" alt=\"\" src=\"http:\/\/peresabat.files.wordpress.com\/2008\/06\/esquerra-logo4.jpg?w=300\" width=\"200\" border=\"0\" \/><\/a> <a href=\"http:\/\/peresabat.files.wordpress.com\/2008\/06\/candidatures-esquerra1.jpg\"><img loading=\"lazy\" decoding=\"async\" height=\"101\" alt=\"\" src=\"http:\/\/peresabat.files.wordpress.com\/2008\/06\/candidatures-esquerra1.jpg?w=300\" width=\"193\" border=\"0\" \/><\/a><\/p>\n<div align=\"justify\"><span style=\"font-size:130%;\"><span style=\"font-family:arial;\">Dissabte hi va haver eleccions internes a Esquerra, unes eleccions que va donar a Joan Puigcerc\u00f3s i a Joan Ridao el liderat del partit amb el 37% dels vots. <\/span><br \/><\/span><\/div>\n<div align=\"justify\"><span style=\"font-family:arial;font-size:130%;\"><\/span><\/div>\n<div align=\"justify\"><\/div>\n<div align=\"justify\"><span style=\"font-family:arial;font-size:130%;\">Aquestes eleccions han clarificat el panorama intern del partit per\u00f2 no ha servit per donar una empenta al projecte independentista ni per definir els passos a seguir. Com a resum es podria dir que Puigcerc\u00f3s va obtenir un resultat que el legitima com a President, que Benach i el sector Carod encara mantenen certa for\u00e7a per plantar cara i que Carretero s\u2019ha constitu\u00eft com a alternativa real. Consideraci\u00f3 a part mereix Esquerra Independentista. EI partia d\u2019una posici\u00f3 alta, ambiciosa, amb uns objectius clars, uns objectius que s\u2019han vist totalment frustrats. Uriel no va poder sobreviure a la pin\u00e7a Carretero-Puigcerc\u00f3s i tan sols va obtenir un 18% dels vots i 1300 vots. Segurament tamb\u00e9 va influir-hi el menyspreu dels mitjans de comunicaci\u00f3, que no han dedicat pr\u00e0cticament atenci\u00f3 a les propostes d\u2019Esquerra Independentista i que han centrat exageradament les eleccions a President quan tamb\u00e9 es votava per Secretari General, fet que ha impossibilitat a Uriel Bertran fer-se lloc en l\u2019univers republic\u00e0. EI a tingut un trajecte com un globus que es desinfla tot just el dia abans de les eleccions, tot semblava indicar que la secretaria general era pr\u00f2xima, que nom\u00e9s faltava un pas per poder posar la primera pe\u00e7a del canvi\u2026. Per\u00f2 no, tot i una campanya positiva, amb idees, amb il\u00b7lusi\u00f3, amb esperan\u00e7a, una campanya que priotitza les idees que les persones, tot i aix\u00ed, tan sols el quart lloc. <\/span><\/div>\n<div align=\"justify\"><span style=\"font-family:arial;font-size:130%;\">Ara la situaci\u00f3 es complicada. Puigcerc\u00f3s est\u00e0 legitimat per\u00f2 no t\u00e9 majoria, fet que l\u2019ha de portar a pactar amb la resta de candidatures. Tots els sectors haurien de donar un cop de m\u00e0 a la nova direcci\u00f3, perqu\u00e8 l\u2019objectiu de tots \u00e9s que Esquerra avanci. Considero necessari que tots els sectors s\u2019integrin en la nova executiva i que tots els sectors pactin una pon\u00e8ncia pol\u00edtica per al Congr\u00e9s de dissabte.<\/span><\/div>\n<div align=\"justify\"><span style=\"font-family:arial;font-size:130%;\">La unitat del partit \u00e9s essencial per poder plantejar objectius ambissiosos, ara cal que tots remem cap a la mateixa direcci\u00f3, ja que no nom\u00e9s hi ha en joc el futur del partit, sin\u00f3 que en joc hi ha el futur del projecte independentista i el projecte de la just\u00edcia social per als catalans i catalanes, en joc hi ha el futur del pa\u00eds.<\/span><\/div>\n<div align=\"justify\"><span style=\"font-family:arial;font-size:130%;\">La unitat comen\u00e7a per el convenciment de cada militant de donar tot el seu potencial al partit i a la causa, aix\u00ed doncs, poso el meu al servei del partit, perqu\u00e8 tots som Esquerra.<br \/><\/span><\/div>\n<div class=\"blogger-post-footer\"><img width='1' height='1' src='https:\/\/blogger.googleusercontent.com\/tracker\/2467933452740288616-2846745214423955422?l=peresabat.blogspot.com' alt='' \/><\/div>\n","protected":false},"excerpt":{"rendered":"<p>Dissabte hi va haver eleccions internes a Esquerra, unes eleccions que va donar a Joan Puigcerc\u00f3s i a Joan Ridao el liderat del partit amb el 37% dels vots. Aquestes eleccions han clarificat el panorama intern del partit per\u00f2 no ha servit per donar una empenta al projecte independentista ni per definir els passos a&#8230;<\/p>\n","protected":false},"author":2,"featured_media":0,"comment_status":"open","ping_status":"open","sticky":false,"template":"","format":"standard","meta":{"footnotes":""},"categories":[26],"tags":[],"class_list":["post-231","post","type-post","status-publish","format-standard","hentry","category-uncategorized"],"_links":{"self":[{"href":"https:\/\/www.blocdelsabat.cat\/index.php?rest_route=\/wp\/v2\/posts\/231","targetHints":{"allow":["GET"]}}],"collection":[{"href":"https:\/\/www.blocdelsabat.cat\/index.php?rest_route=\/wp\/v2\/posts"}],"about":[{"href":"https:\/\/www.blocdelsabat.cat\/index.php?rest_route=\/wp\/v2\/types\/post"}],"author":[{"embeddable":true,"href":"https:\/\/www.blocdelsabat.cat\/index.php?rest_route=\/wp\/v2\/users\/2"}],"replies":[{"embeddable":true,"href":"https:\/\/www.blocdelsabat.cat\/index.php?rest_route=%2Fwp%2Fv2%2Fcomments&post=231"}],"version-history":[{"count":0,"href":"https:\/\/www.blocdelsabat.cat\/index.php?rest_route=\/wp\/v2\/posts\/231\/revisions"}],"wp:attachment":[{"href":"https:\/\/www.blocdelsabat.cat\/index.php?rest_route=%2Fwp%2Fv2%2Fmedia&parent=231"}],"wp:term":[{"taxonomy":"category","embeddable":true,"href":"https:\/\/www.blocdelsabat.cat\/index.php?rest_route=%2Fwp%2Fv2%2Fcategories&post=231"},{"taxonomy":"post_tag","embeddable":true,"href":"https:\/\/www.blocdelsabat.cat\/index.php?rest_route=%2Fwp%2Fv2%2Ftags&post=231"}],"curies":[{"name":"wp","href":"https:\/\/api.w.org\/{rel}","templated":true}]}}