{"id":235,"date":"2008-06-10T15:21:00","date_gmt":"2008-06-10T15:21:00","guid":{"rendered":"http:\/\/peresabat.wordpress.com\/2008\/06\/10\/finestra-oberta-podemos"},"modified":"2008-06-10T15:21:00","modified_gmt":"2008-06-10T15:21:00","slug":"finestra-oberta-podemos","status":"publish","type":"post","link":"https:\/\/www.blocdelsabat.cat\/?p=235","title":{"rendered":"Finestra Oberta: Podemos?"},"content":{"rendered":"<div align=\"justify\"><a href=\"http:\/\/peresabat.files.wordpress.com\/2008\/06\/torospain1.jpg\"><img decoding=\"async\" alt=\"\" src=\"http:\/\/peresabat.files.wordpress.com\/2008\/06\/torospain1.jpg?w=300\" border=\"0\" \/><\/a> <\/div>\n<div align=\"justify\"><span style=\"font-family:courier new;\"><span style=\"font-family:arial;font-size:130%;\"><\/span><\/span><\/div>\n<div align=\"justify\"><span style=\"font-family:courier new;\"><span style=\"font-family:arial;font-size:130%;\"><\/span><\/span><\/div>\n<div align=\"justify\"><span style=\"font-family:courier new;\"><span style=\"font-family:arial;font-size:130%;\">A partir d&#8217;avui comen\u00e7o una nova secci\u00f3 anomenada Finestra Oberta, on de tant en tant, diversa gent publicar\u00e0 un post sobre un determinat tema. <\/span><\/span><span style=\"font-family:courier new;\"><span style=\"font-family:arial;font-size:130%;\">Finestra Oberta pret\u00e9n ser un punt de vista diferent a la l\u00ednia editorial del bloc. <\/span><\/span><span style=\"font-family:courier new;\"><span style=\"font-family:arial;font-size:130%;\">Finestra Oberta pret\u00e9n ser una mirada diferent de la realitat, una finestra oberta a tu.<\/span><\/span><\/div>\n<div align=\"justify\"><span style=\"font-family:courier new;\"><em><\/em><\/span><\/div>\n<div align=\"justify\"><em><span style=\"font-family:Courier New;\"><\/span><\/em><\/div>\n<div align=\"justify\"><span style=\"font-family:courier new;\"><em><\/em><\/span><\/div>\n<div align=\"justify\"><span style=\"font-family:courier new;\"><em><\/em><\/span><\/div>\n<div align=\"justify\"><\/div>\n<div align=\"justify\"><\/div>\n<div align=\"justify\"><\/div>\n<div align=\"justify\"> <\/div>\n<div align=\"justify\"> <\/div>\n<div align=\"justify\"> <\/div>\n<div align=\"justify\"><span style=\"font-family:arial;font-size:130%;\">Avui, debuta La Roja, <em>&#8220;la selecci\u00f3n de todos, una selecci\u00f3n de 40 millones de espectadores&#8221;<\/em>\u2026 i m\u00e9s sin\u00f2nims i burrades que es podrien dir.<\/span><\/div>\n<p><span style=\"font-family:arial;font-size:130%;\"><\/p>\n<div align=\"justify\"><\/div>\n<div align=\"justify\">Despr\u00e9s d\u2019observar la gran imatge donada per <em>La Roja<\/em> en els seus dos amistosos davant rivals de talla mundial com Per\u00fa i Estats Units, cal dir que la meva visi\u00f3 inicial sobre la Selecci\u00f3 encara era massa optimista.<br \/>Jo era un optimista perqu\u00e8 creia que Espanya cauria estrepitosament a quarts de final. Ara, crec que no passar\u00e0 ni la primera fase.<\/div>\n<div align=\"justify\">Aragon\u00e9s pot estar content del gran nivell de joc que exhibeix l\u2019equip. El Zapatones \u00e9s \u00fanic ja que cap entrenador \u00e9s capa\u00e7 de denigrar de tal manera a dos grans jugadors com Torres i Cesc.<br \/>El senyor del &#8220;<em>y tal<\/em>&#8221; est\u00e0 obsessionat a demostrar dia darrere a dia que el c\u00e0rrec de seleccionador li queda molt gran. Est\u00e0 demostrant que no hi ha ning\u00fa millor que ell per desaprofitar un dels millors planters que ha tingut Espanya.<br \/>La possessi\u00f3 de la pilota i el <em>&#8220;tiki-taka&#8221;<\/em> no es tradueixen en ocasions de gol. El senyor del <em>&#8220;y tal&#8221;<\/em> est\u00e0 al capdavant d\u2019un grup sense \u00e0nima, esperit combatiu, garra ni lluita.<br \/>Espanya \u00e9s un Estat futbol\u00edstic per excel\u00b7l\u00e8ncia. Durant 40 anys, La Roja no ha fet altra cosa que decepcionar als seus fidels seguidors cada 2 anys.<\/div>\n<div align=\"justify\">I quan es viu en un pa\u00eds on hi ha persones que no s\u2019hi senten a gust de pert\u00e0nyer, el paper desastr\u00f3s que Espanya sempre duu a terme en competicions internacionals, encara suposa un motiu m\u00e9s per tal de buscar l\u2019oficialitat de les seleccions que ells perceben com a nacionals.<br \/>I corruptes com, per exemple, el president de la Federaci\u00f3 Espanyola, \u00c1ngel Mar\u00eda Villar, contribueixen a enfortir les sensibilitats perif\u00e8riques degut a la manca de respecte de Villar envers territoris com Catalunya.<\/div>\n<div align=\"justify\">En definitiva, Espanya s\u2019ha de dir que disposa d\u2019equip per guanyar a R\u00fassia i molt m\u00e9s. La q\u00fcesti\u00f3 radica en si es pot ser optimista davant el panorama actual que ofereix <em>&#8220;el Sabio&#8221;.<\/em> Espero que ning\u00fa ens vengui m\u00e9s motos ni els jugadors ni l\u2019entrenador del IMSERSO.<\/div>\n<div align=\"justify\">Espero que l\u2019\u00fanic que tracti d\u2019enganyar-nos sigui Cuatro, ja que entenc que vulguin rendivilitzar la inversi\u00f3 feta a l\u2019Eurocopa a pesar que el Lama, el Carre\u00f1o, el Casta\u00f1o i companyia ja comencen a cansar i aix\u00f2 que encara ens trobem a la jornada inaugural del grup.<br \/>S\u2019ha d\u2019agrair a Luis Aragon\u00e9s el seu nefast paper. Fins i tot, est\u00e0 aconseguint desenganxar els aficionats espanyols m\u00e9s fidels que clamen indignats al crit de <em>&#8220;Ra\u00fal Selecci\u00f3n<\/em>&#8220;. Els \u00fanics que a dia d\u2019avui creuen en la vict\u00f2ria d\u2019Espanya a la Euro2008 s\u00f3n el &#8220;Sabio de Hortaleza&#8221;, el ZP i Manolo el del bombo.<\/div>\n<div align=\"justify\">Tal com diu Cuatro, jo crec que Podemos !!<br \/><em>&#8220;Podemos&#8230; hacer el rid\u00edculo cayendo en primera fase.&#8221;<\/em><\/div>\n<div align=\"justify\"><em><\/em><\/div>\n<div align=\"right\"><em><span style=\"font-family:courier new;\">post realitzat per Andreu Mar\u00edn<\/span><\/em><\/div>\n<div align=\"justify\"><\/span><\/div>\n<div class=\"blogger-post-footer\"><img width='1' height='1' src='https:\/\/blogger.googleusercontent.com\/tracker\/2467933452740288616-7918526009555681327?l=peresabat.blogspot.com' alt='' \/><\/div>\n","protected":false},"excerpt":{"rendered":"<p>A partir d&#8217;avui comen\u00e7o una nova secci\u00f3 anomenada Finestra Oberta, on de tant en tant, diversa gent publicar\u00e0 un post sobre un determinat tema. Finestra Oberta pret\u00e9n ser un punt de vista diferent a la l\u00ednia editorial del bloc. Finestra Oberta pret\u00e9n ser una mirada diferent de la realitat, una finestra oberta a tu. Avui,&#8230;<\/p>\n","protected":false},"author":2,"featured_media":0,"comment_status":"open","ping_status":"open","sticky":false,"template":"","format":"standard","meta":{"footnotes":""},"categories":[26],"tags":[],"class_list":["post-235","post","type-post","status-publish","format-standard","hentry","category-uncategorized"],"_links":{"self":[{"href":"https:\/\/www.blocdelsabat.cat\/index.php?rest_route=\/wp\/v2\/posts\/235","targetHints":{"allow":["GET"]}}],"collection":[{"href":"https:\/\/www.blocdelsabat.cat\/index.php?rest_route=\/wp\/v2\/posts"}],"about":[{"href":"https:\/\/www.blocdelsabat.cat\/index.php?rest_route=\/wp\/v2\/types\/post"}],"author":[{"embeddable":true,"href":"https:\/\/www.blocdelsabat.cat\/index.php?rest_route=\/wp\/v2\/users\/2"}],"replies":[{"embeddable":true,"href":"https:\/\/www.blocdelsabat.cat\/index.php?rest_route=%2Fwp%2Fv2%2Fcomments&post=235"}],"version-history":[{"count":0,"href":"https:\/\/www.blocdelsabat.cat\/index.php?rest_route=\/wp\/v2\/posts\/235\/revisions"}],"wp:attachment":[{"href":"https:\/\/www.blocdelsabat.cat\/index.php?rest_route=%2Fwp%2Fv2%2Fmedia&parent=235"}],"wp:term":[{"taxonomy":"category","embeddable":true,"href":"https:\/\/www.blocdelsabat.cat\/index.php?rest_route=%2Fwp%2Fv2%2Fcategories&post=235"},{"taxonomy":"post_tag","embeddable":true,"href":"https:\/\/www.blocdelsabat.cat\/index.php?rest_route=%2Fwp%2Fv2%2Ftags&post=235"}],"curies":[{"name":"wp","href":"https:\/\/api.w.org\/{rel}","templated":true}]}}