{"id":237,"date":"2008-06-11T15:24:00","date_gmt":"2008-06-11T15:24:00","guid":{"rendered":"http:\/\/peresabat.wordpress.com\/2008\/06\/11\/apoyare"},"modified":"2008-06-11T15:24:00","modified_gmt":"2008-06-11T15:24:00","slug":"apoyare","status":"publish","type":"post","link":"https:\/\/www.blocdelsabat.cat\/?p=237","title":{"rendered":"&#8220;Apoyar\u00e9&#8221;"},"content":{"rendered":"<div align=\"justify\"><a href=\"http:\/\/1.bp.blogspot.com\/_kjTqSD8ASz4\/SE_vEl2FlpI\/AAAAAAAAASk\/Z3iFB1WNhVE\/s1600-h\/zapatero+m\u00c3 .jpg\"><img decoding=\"async\" alt=\"\" src=\"http:\/\/1.bp.blogspot.com\/_kjTqSD8ASz4\/SE_vEl2FlpI\/AAAAAAAAASk\/Z3iFB1WNhVE\/s200\/zapatero+m%C3%A0.jpg\" border=\"0\" \/><\/a> <span style=\"font-family:arial;\"><span style=\"font-size:130%;\">El dia 8 de juny finalitzava la data de l\u2019\u00faltim <em>&#8220;apoyar\u00e9&#8221;.<\/em> L\u2019\u00faltim apoyar\u00e9 feia refer\u00e8ncia a les balances fiscals, balances que Zapatero s\u2019havia comprom\u00e9s a fer p\u00fabliques el dia 8 de juny.<\/span><\/span><span style=\"font-family:arial;\"><span style=\"font-size:130%;\"><\/div>\n<div align=\"justify\">La veritat \u00e9s que ja no se sap per on agafar tanta mentida i manipulaci\u00f3, la veritat \u00e9s que ja no se sap qu\u00e8 contestar i es molt greu que ja no es prengui seriosament a un President de govern, degut a les mentides, una darrera l\u2019altra, que ha anat escopint. <\/div>\n<div align=\"justify\">Segurament la primera, la de l\u2019estatut, ho va dir perqu\u00e8 pensava que podria donar suport a l\u2019estatut del Parlament catal\u00e0, per\u00f2 obviava que <em>&#8220;Espa\u00f1a&#8221;<\/em> \u00e9s <em>&#8220;mucha Espa\u00f1a<\/em>&#8221; i que amb les coses importants no s\u2019hi juga. Tot i aix\u00ed, i veien que la jugada li va sortir b\u00e9, el senyor Zapatero es veu que li ha agafat gust a aix\u00f2 de mentir i aixecar el p\u00e8l als catalans, aquells pobres que no fan m\u00e9s que pagar els ordinadors dels nens extremenys i les autovies sense peatge dels andalusos. Zapatero es veu amb cor, altre cop, d\u2019humiliar a tot un poble amb una mentida m\u00e9s, amb un altre insult m\u00e9s, amb un altre cop de puny als morros, i ja en van molts. <\/div>\n<div align=\"justify\">Les balances igual que el finan\u00e7ament, sense comptar la retallada de l\u2019estatut, seran les noves bufetades a Catalunya que el gran farsant t\u00e9 preparades. Amb les balances jugar\u00e0 a allargar-les tant com pugui, i amb el finan\u00e7ament doncs el de sempre, a pagar i a callar. <\/div>\n<div align=\"justify\">Aquest \u00e9s el tracte del <em>&#8220;gobierno de espa\u00f1a&#8221;<\/em> cap a Catalunya, aquest <em>&#8220;gobierno amigo&#8221;<\/em> ens est\u00e0 ensorrant en la mis\u00e8ria m\u00e9s absoluta. Catalunya en trenta anys ha perdut posicions en r\u00e0nquings, ha perdut riquesa nacional i personal, ha perdut capacitat de producci\u00f3, ha perdut atracci\u00f3 per les inversions, i aix\u00f2 ha passat davant dels nostres nassos. Catalunya ha de reaccionar, Catalunya ha de mirar, d\u2019una vegada per totes, per als seus interessos i prou. Catalunya ha de lluitar per ella sola i deixar la motxilla asfixiant d\u2019<em>Espa\u00f1a<\/em> per un altre. Catalumya s\u2019ha de preucupar per la seva gent, per als m\u00e9s de 7 milions i mig de persones que viuen a Catalunya i que mereixen una xarxa de rodalies d\u2019un pa\u00eds de primera i no aquestes vies que tenim tercermundistes, mereixen uns serveis de qualitat i que no estiguin col\u00b7lapsats, mereixen poder anar a qualsevol lloc del m\u00f3n sense haver de fer escala a una altra capital europea, mereixen unes xarxes de carreteres decents i no les que hi ha actualment, mereixen en definitiva, un pa\u00eds millor. <\/div>\n<div align=\"justify\">Per\u00f2 aquest pa\u00eds no hi pot ser mentre els <em>&#8220;apoyar\u00e9&#8221;<\/em> de torn continu\u00efn humiliant als catalans i catalanes d\u2019aquesta manera tan <em>&#8220;progre&#8221;<\/em> i <em>&#8220;guay<\/em>&#8220;, aquest pa\u00eds no hi podr\u00e0 ser mentre Espa\u00f1a segueixi robant els diners catalans, aquest pa\u00eds no hi podr\u00e0 ser mentre no hi hagi democr\u00e0cia. <\/div>\n<div align=\"justify\">Perqu\u00e8 alg\u00fa pot afirmar sense por a cremar-se que al Regne d\u2019Espanya hi ha absolutament democr\u00e0cia? Hi ha democr\u00e0cia en un estat on per llei s\u2019empresona a qui despengui una bandera espanyola? Hi ha democr\u00e0cia en un estat on per llei es tanquen diaris? Hi ha democr\u00e0cia en un estat on per llei es pot posar a la pres\u00f3 un President d\u2019un govern leg\u00edtim i legal per convocar un refer\u00e8ndum?<\/div>\n<div align=\"justify\">Aix\u00f2 s\u00ed, hi ha alg\u00fa que segueix amb la cantarella insuportable de sempre <em>&#8220;apoyar\u00e9, apoyar\u00e9, apoyar\u00e9\u2026<\/em><\/span><em>&#8220;<\/em><\/div>\n<p><\/span><\/p>\n<div class=\"blogger-post-footer\"><img width='1' height='1' src='https:\/\/blogger.googleusercontent.com\/tracker\/2467933452740288616-6629283348509764477?l=peresabat.blogspot.com' alt='' \/><\/div>\n","protected":false},"excerpt":{"rendered":"<p>El dia 8 de juny finalitzava la data de l\u2019\u00faltim &#8220;apoyar\u00e9&#8221;. L\u2019\u00faltim apoyar\u00e9 feia refer\u00e8ncia a les balances fiscals, balances que Zapatero s\u2019havia comprom\u00e9s a fer p\u00fabliques el dia 8 de juny. La veritat \u00e9s que ja no se sap per on agafar tanta mentida i manipulaci\u00f3, la veritat \u00e9s que ja no se sap&#8230;<\/p>\n","protected":false},"author":2,"featured_media":0,"comment_status":"open","ping_status":"open","sticky":false,"template":"","format":"standard","meta":{"footnotes":""},"categories":[26],"tags":[],"class_list":["post-237","post","type-post","status-publish","format-standard","hentry","category-uncategorized"],"_links":{"self":[{"href":"https:\/\/www.blocdelsabat.cat\/index.php?rest_route=\/wp\/v2\/posts\/237","targetHints":{"allow":["GET"]}}],"collection":[{"href":"https:\/\/www.blocdelsabat.cat\/index.php?rest_route=\/wp\/v2\/posts"}],"about":[{"href":"https:\/\/www.blocdelsabat.cat\/index.php?rest_route=\/wp\/v2\/types\/post"}],"author":[{"embeddable":true,"href":"https:\/\/www.blocdelsabat.cat\/index.php?rest_route=\/wp\/v2\/users\/2"}],"replies":[{"embeddable":true,"href":"https:\/\/www.blocdelsabat.cat\/index.php?rest_route=%2Fwp%2Fv2%2Fcomments&post=237"}],"version-history":[{"count":0,"href":"https:\/\/www.blocdelsabat.cat\/index.php?rest_route=\/wp\/v2\/posts\/237\/revisions"}],"wp:attachment":[{"href":"https:\/\/www.blocdelsabat.cat\/index.php?rest_route=%2Fwp%2Fv2%2Fmedia&parent=237"}],"wp:term":[{"taxonomy":"category","embeddable":true,"href":"https:\/\/www.blocdelsabat.cat\/index.php?rest_route=%2Fwp%2Fv2%2Fcategories&post=237"},{"taxonomy":"post_tag","embeddable":true,"href":"https:\/\/www.blocdelsabat.cat\/index.php?rest_route=%2Fwp%2Fv2%2Ftags&post=237"}],"curies":[{"name":"wp","href":"https:\/\/api.w.org\/{rel}","templated":true}]}}