{"id":239,"date":"2008-06-13T21:59:00","date_gmt":"2008-06-13T21:59:00","guid":{"rendered":"http:\/\/peresabat.wordpress.com\/2008\/06\/13\/els-grans-amics-de-la-premsa"},"modified":"2008-06-13T21:59:00","modified_gmt":"2008-06-13T21:59:00","slug":"els-grans-amics-de-la-premsa","status":"publish","type":"post","link":"https:\/\/www.blocdelsabat.cat\/?p=239","title":{"rendered":"Els grans amics de la premsa"},"content":{"rendered":"<div align=\"justify\"><a href=\"http:\/\/peresabat.files.wordpress.com\/2008\/06\/merdabandera1.jpg\"><img decoding=\"async\" alt=\"\" src=\"http:\/\/peresabat.files.wordpress.com\/2008\/06\/merdabandera1.jpg?w=283\" border=\"0\" \/><\/a> <span style=\"font-family:arial;font-size:130%;\">Els mitjans de comunicaci\u00f3 tenen en la nostra societat una import\u00e0ncia cabdal, podr\u00edem dir que quasi s\u00f3n imprescindibles. Aquesta depend\u00e8ncia envers als mitjans t\u00e9 aspectes positius, per\u00f2 tamb\u00e9 de negatius, ja que poden donar un tipus d\u2019informaci\u00f3 parcial o encarada cap a un objectiu concret allunyat de la informaci\u00f3 precisa i ver\u00eddica que en principi qualsevol periodista que no s\u2019hagi venut la dignitat professional i personal hauria de buscar. No, no ho dic per certa premsa comarcal, ho dic en relaci\u00f3 a certa premsa <em>zetista<\/em> durant el proc\u00e9s d\u2019eleccions internes d\u2019Esquerra.<\/span><span style=\"font-family:arial;font-size:130%;\"><\/div>\n<div align=\"justify\">Durant l\u2019\u00faltima setmana abans de la votaci\u00f3, cert personatge escrivia pr\u00e0cticament cada dia sobre Esquerra i apuntava que el partit havia de triar entre dos models, el de Maci\u00e0 i el de Companys.<br \/>Aquest il\u00b7lustre periodista, que de cop i volta ha passat de dir-se <em>&#8220;Juan&#8221;<\/em> a Joan, posava una l\u00ednia entre l\u2019acci\u00f3 de Maci\u00e0 i la de Companys titllant la del primer com la &#8220;governamental&#8221; i la segona com &#8220;l\u2019emocional&#8221;. El Juan deia que la primera era la del 17 d\u2019Abril del 32, quan Maci\u00e0 va cedir la Rep\u00fablica per la Generalitat i que la segona era la del 6 d\u2019Octubre del 34. El Juan deia que la primera era la racional i la segona la irracional, el Juan deia que la primera era la de la responsabilitat i la segona la de la irresponsabilitat, i aix\u00ed vegades i vegades. En la primera l\u00ednia hi encasellava Puigcerc\u00f3s i Benach, i en l\u2019altre Carretero i Bertran. <\/div>\n<div align=\"justify\">Primerament, ja t\u00e9 conya que una persona que no s\u2019ha preocupat mai per la llengua pr\u00f2pia ni per el pa\u00eds fins el dia en qu\u00e8 li va perillar la feina s\u2019ompli la boca parlant de Maci\u00e0 i de Companys.<br \/>Segon, s\u00ed es parla de Maci\u00e0 i Companys que se\u2019n parli correctament. Maci\u00e0 \u00e9s el responsable, molt b\u00e9, per\u00f2 Maci\u00e0 tamb\u00e9 \u00e9s l\u2019insurrecte de Prats de Moll\u00f3.<br \/>Tercer, una persona que est\u00e0 a sou de la depend\u00e8ncia baixllobregatina i que per tant el pa\u00eds li importa tant com l\u2019\u00faltim resultat de la selecci\u00f3 de Togo, es preocupi tant del futur de l\u2019independentisme no deixa m\u00e9s que sospitar.<br \/>Quart, una persona que voldria Esquerra acabada i marginal, no cal que faci veure que li importa gaire el seu futur.<br \/>I cinc, sembla que est\u00e0 de moda per part d\u2019alguns partits, parlar dels referents hist\u00f2rics d\u2019Esquerra. El problema \u00e9s que quan els que treballen incansablement perqu\u00e8 els catalans segueixin sotmesos i emmanillats a Espanya en parlen ho fan tot transformant la seva hist\u00f2ria, els seus principis, els seus valors i els seus actes, cosa totalment intolerable. <\/div>\n<div align=\"justify\">D\u2019aquestes utilitzacions barroeres de personatges hist\u00f2rics i de mites nacionals, durant la p\u00e8ssima campanya de l\u2019encara m\u00e9s p\u00e8ssim Estatut, tant CiU com el PSC, es van omplir la boca dient que Maci\u00e0 va votar que s\u00ed a l\u2019Estatut del 32, i afegien tant contents que tamb\u00e9 hagu\u00e9s votat a favor del de La Moncloa. Dir aquesta afirmaci\u00f3 \u00e9s un disbarat tant gran com dir que dem\u00e0 serem independents. <\/div>\n<div align=\"justify\">Els mitjans de comunicaci\u00f3 s\u00f3n necessaris i evidentment han de tenir tota la llibertat per publicar el que creguin, per\u00f2 els mitjans haurien de fer el possible per poder ser mitjans allunyats de les \u00f2rbites dels partits, ja que sin\u00f3 per culpa d\u2019uns quants periodistes venuts, s\u2019est\u00e0 pervertint un mitj\u00e0 i una professi\u00f3.<\/div>\n<div align=\"justify\"><\/span> <\/div>\n<div class=\"blogger-post-footer\"><img width='1' height='1' src='https:\/\/blogger.googleusercontent.com\/tracker\/2467933452740288616-6089690675158324760?l=peresabat.blogspot.com' alt='' \/><\/div>\n","protected":false},"excerpt":{"rendered":"<p>Els mitjans de comunicaci\u00f3 tenen en la nostra societat una import\u00e0ncia cabdal, podr\u00edem dir que quasi s\u00f3n imprescindibles. Aquesta depend\u00e8ncia envers als mitjans t\u00e9 aspectes positius, per\u00f2 tamb\u00e9 de negatius, ja que poden donar un tipus d\u2019informaci\u00f3 parcial o encarada cap a un objectiu concret allunyat de la informaci\u00f3 precisa i ver\u00eddica que en principi&#8230;<\/p>\n","protected":false},"author":2,"featured_media":0,"comment_status":"open","ping_status":"open","sticky":false,"template":"","format":"standard","meta":{"footnotes":""},"categories":[26],"tags":[],"class_list":["post-239","post","type-post","status-publish","format-standard","hentry","category-uncategorized"],"_links":{"self":[{"href":"https:\/\/www.blocdelsabat.cat\/index.php?rest_route=\/wp\/v2\/posts\/239","targetHints":{"allow":["GET"]}}],"collection":[{"href":"https:\/\/www.blocdelsabat.cat\/index.php?rest_route=\/wp\/v2\/posts"}],"about":[{"href":"https:\/\/www.blocdelsabat.cat\/index.php?rest_route=\/wp\/v2\/types\/post"}],"author":[{"embeddable":true,"href":"https:\/\/www.blocdelsabat.cat\/index.php?rest_route=\/wp\/v2\/users\/2"}],"replies":[{"embeddable":true,"href":"https:\/\/www.blocdelsabat.cat\/index.php?rest_route=%2Fwp%2Fv2%2Fcomments&post=239"}],"version-history":[{"count":0,"href":"https:\/\/www.blocdelsabat.cat\/index.php?rest_route=\/wp\/v2\/posts\/239\/revisions"}],"wp:attachment":[{"href":"https:\/\/www.blocdelsabat.cat\/index.php?rest_route=%2Fwp%2Fv2%2Fmedia&parent=239"}],"wp:term":[{"taxonomy":"category","embeddable":true,"href":"https:\/\/www.blocdelsabat.cat\/index.php?rest_route=%2Fwp%2Fv2%2Fcategories&post=239"},{"taxonomy":"post_tag","embeddable":true,"href":"https:\/\/www.blocdelsabat.cat\/index.php?rest_route=%2Fwp%2Fv2%2Ftags&post=239"}],"curies":[{"name":"wp","href":"https:\/\/api.w.org\/{rel}","templated":true}]}}