{"id":240,"date":"2008-06-16T16:31:00","date_gmt":"2008-06-16T16:31:00","guid":{"rendered":"http:\/\/peresabat.wordpress.com\/2008\/06\/16\/personatge-de-la-setmana-xavier-vendrell"},"modified":"2008-06-16T16:31:00","modified_gmt":"2008-06-16T16:31:00","slug":"personatge-de-la-setmana-xavier-vendrell","status":"publish","type":"post","link":"https:\/\/www.blocdelsabat.cat\/?p=240","title":{"rendered":"Personatge de la setmana: Xavier Vendrell"},"content":{"rendered":"<p><a href=\"http:\/\/peresabat.files.wordpress.com\/2008\/06\/vendrell1.jpg\"><img decoding=\"async\" alt=\"\" src=\"http:\/\/peresabat.files.wordpress.com\/2008\/06\/vendrell1.jpg?w=160\" border=\"0\" \/><\/a><\/p>\n<div align=\"justify\"><span style=\"font-family:arial;font-size:130%;\">Xavier Vendrell no continuar\u00e0 a l\u2019executiva Nacional d\u2019esquerra Republicana de Catalunya, perqu\u00e8 aix\u00ed ho va decidir la milit\u00e0ncia. <\/span><span style=\"font-family:arial;font-size:130%;\"><\/div>\n<div align=\"justify\">Aquest fet em va produir diverses sensacions alhora. Per una banda es va fer caure una persona que p\u00fablicament no t\u00e9 gaire bona imatge i m\u00e9s aviat resta que no pas suma. Per altre tamb\u00e9 \u00e9s remarcable que es va fer caure la persona que controla l\u2019aparell, un aparell que ha estat una pe\u00e7a clau en la campanya de les eleccions internes. <\/div>\n<p>Per altra banda, cal agrair tota la feina que ha fet Vendrell durant aquests 12 anys sobretot en estructuraci\u00f3 i musculaci\u00f3 del partit. Concretament, i m\u00e9s personal, no puc fer m\u00e9s que agrair a Xavier Vendrell tota l\u2019ajuda que va donar a la Secci\u00f3 Local de Vilafranca durant tots aquests anys, sobretot despr\u00e8s de qu\u00e8 es renov\u00e9s de dalt a baix el partit a Vilafranca.<\/p>\n<p>Sempre tindr\u00e9 gravat al cap aquell dia de tardor en qu\u00e8 s\u2019iniciava la campanya de les catalanes del 2006 i l\u2019executiva de Vilafranca dimitia en bloc. Al cap de pocs dies Vendrell va venir a la vila per adjurar-nos a penjar pancartes.<br \/>Vendrell s\u2019estima el partit i li ha donat tot el que pot, i estic segur que des d\u2019on pugui ho continuar\u00e0 fent.<\/p>\n<p>Ara nom\u00e9s li puc dir que gr\u00e0cies per tot i que fins aviat!<br \/><\/span><br \/><\/span><\/p>\n<div class=\"blogger-post-footer\"><img width='1' height='1' src='https:\/\/blogger.googleusercontent.com\/tracker\/2467933452740288616-112720241244484560?l=peresabat.blogspot.com' alt='' \/><\/div>\n","protected":false},"excerpt":{"rendered":"<p>Xavier Vendrell no continuar\u00e0 a l\u2019executiva Nacional d\u2019esquerra Republicana de Catalunya, perqu\u00e8 aix\u00ed ho va decidir la milit\u00e0ncia. Aquest fet em va produir diverses sensacions alhora. Per una banda es va fer caure una persona que p\u00fablicament no t\u00e9 gaire bona imatge i m\u00e9s aviat resta que no pas suma. Per altre tamb\u00e9 \u00e9s remarcable&#8230;<\/p>\n","protected":false},"author":2,"featured_media":0,"comment_status":"open","ping_status":"open","sticky":false,"template":"","format":"standard","meta":{"footnotes":""},"categories":[26],"tags":[],"class_list":["post-240","post","type-post","status-publish","format-standard","hentry","category-uncategorized"],"_links":{"self":[{"href":"https:\/\/www.blocdelsabat.cat\/index.php?rest_route=\/wp\/v2\/posts\/240","targetHints":{"allow":["GET"]}}],"collection":[{"href":"https:\/\/www.blocdelsabat.cat\/index.php?rest_route=\/wp\/v2\/posts"}],"about":[{"href":"https:\/\/www.blocdelsabat.cat\/index.php?rest_route=\/wp\/v2\/types\/post"}],"author":[{"embeddable":true,"href":"https:\/\/www.blocdelsabat.cat\/index.php?rest_route=\/wp\/v2\/users\/2"}],"replies":[{"embeddable":true,"href":"https:\/\/www.blocdelsabat.cat\/index.php?rest_route=%2Fwp%2Fv2%2Fcomments&post=240"}],"version-history":[{"count":0,"href":"https:\/\/www.blocdelsabat.cat\/index.php?rest_route=\/wp\/v2\/posts\/240\/revisions"}],"wp:attachment":[{"href":"https:\/\/www.blocdelsabat.cat\/index.php?rest_route=%2Fwp%2Fv2%2Fmedia&parent=240"}],"wp:term":[{"taxonomy":"category","embeddable":true,"href":"https:\/\/www.blocdelsabat.cat\/index.php?rest_route=%2Fwp%2Fv2%2Fcategories&post=240"},{"taxonomy":"post_tag","embeddable":true,"href":"https:\/\/www.blocdelsabat.cat\/index.php?rest_route=%2Fwp%2Fv2%2Ftags&post=240"}],"curies":[{"name":"wp","href":"https:\/\/api.w.org\/{rel}","templated":true}]}}