{"id":244,"date":"2008-06-16T16:34:00","date_gmt":"2008-06-16T16:34:00","guid":{"rendered":"http:\/\/peresabat.wordpress.com\/2008\/06\/16\/reflexions-despres-del-congres"},"modified":"2008-06-16T16:34:00","modified_gmt":"2008-06-16T16:34:00","slug":"reflexions-despres-del-congres","status":"publish","type":"post","link":"https:\/\/www.blocdelsabat.cat\/?p=244","title":{"rendered":"Reflexions despr\u00e9s del Congr\u00e9s"},"content":{"rendered":"<p><a href=\"http:\/\/peresabat.files.wordpress.com\/2008\/06\/esquerra-logo41.jpg\"><img decoding=\"async\" alt=\"\" src=\"http:\/\/peresabat.files.wordpress.com\/2008\/06\/esquerra-logo41.jpg?w=300\" border=\"0\" \/><\/a><\/p>\n<div align=\"justify\"><span style=\"font-family:arial;font-size:130%;\">Durant aquests dies tota la intel\u00b7lectualitat opinadora del pa\u00eds ha estat esbudellant-se sobre la situaci\u00f3 d\u2019Esquerra, qualificant-la com la pitjor de les situacions possibles i com el m\u00e9s forts dels mals per al pa\u00eds.<\/span><\/div>\n<p><span style=\"font-family:arial;font-size:130%;\"><\/p>\n<div align=\"justify\">Diuen que Esquerra est\u00e0 dividida, diuen que s\u2019ha tancat el Congr\u00e9s Nacional en fals, diuen que ha sigut un desastre\u2026 Del Congr\u00e9s el que m\u00e9s n\u2019han elevat aquesta intel\u00b7lectualitat opinadora i els mitjans en massa, \u00e9s que Xavier Vendrell no ha sigut votat per la milit\u00e0ncia. La veritat \u00e9s que aquest fet posa al seu just lloc als mitjans de comunicaci\u00f3 que, emmanillats per als seus amos espanyols, han elevat el fet d\u2019an\u00e8cdota a fet transcendental.<br \/>Divendres escrivia sobre &#8220;els grans amics de la premsa&#8221; i ho focalitzava amb el &#8220;Juan&#8221; de El Peri\u00f2dico, per\u00f2 avui es pot estendre a tots els pretesos periodistes que omplen amb la seva bilis anti-Esquerra les p\u00e0gines dels rotatius espanyols escrits a Catalunya.<br \/>Convindria fer algunes puntualitzacions del Congr\u00e9s. <\/div>\n<div align=\"justify\">Primer, cal dir que la Pon\u00e8ncia pol\u00edtica estrat\u00e8gica va ser votada per la immensa majoria dels militants. Una Pon\u00e8ncia que \u00e9s realment ambiciosa, una Pon\u00e8ncia que \u00e9s forta, una Pon\u00e8ncia que marca qu\u00e8 s\u2019ha de fer en cas que es retalli l\u2019Estatut al Tribunal Constitucional. Una Pon\u00e8ncia que d\u00f3na for\u00e7a a la llei de consultes popular i que s\u2019ha d\u2019aprovar en aquesta legislatura, una Pon\u00e8ncia que marca divisi\u00f3 de c\u00e0rrecs del partit i del govern. Una Pon\u00e8ncia que marcar\u00e0 el futur d\u2019Esquerra, i el futur del pa\u00eds. <\/div>\n<div align=\"justify\">En segon lloc dir que el Congr\u00e9s va servir per consolidar nous lideratges, de nous dirigents. Joan Carretero va estar realment brillant. Carretero va fer un discurs d\u2019unitat, de cohesi\u00f3. Va fer un discurs de l\u00edder, s\u00ed de l\u00edder, perqu\u00e8 a Esquerra fan falta molts l\u00edders i Carretero n\u2019\u00e9s i n\u2019ha de ser un. Un altre l\u00edder que Dissabte va fer un cop de for\u00e7a i de coher\u00e8ncia pol\u00edtica va ser Uriel Bertran. Bertran va presentar les esmenes que refor\u00e7aven el seu projecte, i en va guanyar 3 de 4. Genial. Gr\u00e0cies a aquestes esmenes, la Pon\u00e8ncia \u00e9s m\u00e9s forta i m\u00e9s ambiciosa. Uriel va fer un discurs valent, d\u2019acceptaci\u00f3 dels resultats, per\u00f2 alhora, de voluntat de sumar i d\u2019aportar el seu capital i la seva il\u00b7lusi\u00f3 al servei del partit. L\u2019altre gran l\u00edder que es va consagrar Dissabte va ser l\u2019H\u00e8ctor L\u00f2pez Bofill. L\u2019Hector va fer un discurs brillant, defensant una esmena que la Comissi\u00f3 redactora va haver d\u2019assumir \u00edntegrament el seu text. L\u2019H\u00e8ctor va fer un discurs apote\u00f2sic, tant que ja hi ha un grup al Facebook que en reclama que es pengi al Youtube.<br \/>Esquerra creix, Esquerra avan\u00e7a, tot i alguns punts negres.<\/div>\n<div align=\"justify\">El punt negatiu del Congr\u00e9s va ser l\u2019executiva. L\u2019executiva no va poder ser unit\u00e0ria. L\u2019executiva nom\u00e9s ser\u00e0 del sector Puigcerc\u00f3s. Aquest punt per\u00f2 t\u00e9 un punt positiu. Per fi s\u2019han acabat les quotes. Per fi l\u2019executiva t\u00e9 un mandat, t\u00e9 un fil pol\u00edtic a seguir. Ara ja no ser\u00e0 avui cap amunt i dem\u00e0 cap avall, ara ser\u00e0 anem cap amunt.<br \/>D\u2019aqu\u00ed un any la Direcci\u00f3 es va comprometre a portar al Congr\u00e9s Extraodinari una nova proposta d\u2019executiva nacional unit\u00e0ria. <\/div>\n<div align=\"justify\">El Congr\u00e9s segurament no va acabar de ser el rellan\u00e7ament que tots esper\u00e0vem, per\u00f2 del que podem estar orgullosos \u00e9s que en el Congr\u00e9s no hi va haver sang ni molt menys. Esquerra va fer b\u00e9 el Congr\u00e9s, per\u00f2 no el va brodar.<br \/>Esquerra ara ha d\u2019avan\u00e7ar, Esquerra ara ha d\u2019aplicar la Pon\u00e8ncia, Esquerra ara ha de continuar buscant la unitat, Esquerra ara ha de conv\u00e8ncer. <\/div>\n<div align=\"justify\">Esquerra t\u00e9 davant seu el dif\u00edcil cam\u00ed cap a l\u2019alliberament nacional del pa\u00eds, Esquerra continua tenint obstacles davant. Esperem que el Congr\u00e9s de Dissabte almenys n\u2019hagi pogut eliminar alguns. <\/div>\n<div align=\"justify\"><\/span><\/div>\n<div class=\"blogger-post-footer\"><img width='1' height='1' src='https:\/\/blogger.googleusercontent.com\/tracker\/2467933452740288616-5312156354596472830?l=peresabat.blogspot.com' alt='' \/><\/div>\n","protected":false},"excerpt":{"rendered":"<p>Durant aquests dies tota la intel\u00b7lectualitat opinadora del pa\u00eds ha estat esbudellant-se sobre la situaci\u00f3 d\u2019Esquerra, qualificant-la com la pitjor de les situacions possibles i com el m\u00e9s forts dels mals per al pa\u00eds. Diuen que Esquerra est\u00e0 dividida, diuen que s\u2019ha tancat el Congr\u00e9s Nacional en fals, diuen que ha sigut un desastre\u2026 Del&#8230;<\/p>\n","protected":false},"author":2,"featured_media":0,"comment_status":"open","ping_status":"open","sticky":false,"template":"","format":"standard","meta":{"footnotes":""},"categories":[26],"tags":[],"class_list":["post-244","post","type-post","status-publish","format-standard","hentry","category-uncategorized"],"_links":{"self":[{"href":"https:\/\/www.blocdelsabat.cat\/index.php?rest_route=\/wp\/v2\/posts\/244","targetHints":{"allow":["GET"]}}],"collection":[{"href":"https:\/\/www.blocdelsabat.cat\/index.php?rest_route=\/wp\/v2\/posts"}],"about":[{"href":"https:\/\/www.blocdelsabat.cat\/index.php?rest_route=\/wp\/v2\/types\/post"}],"author":[{"embeddable":true,"href":"https:\/\/www.blocdelsabat.cat\/index.php?rest_route=\/wp\/v2\/users\/2"}],"replies":[{"embeddable":true,"href":"https:\/\/www.blocdelsabat.cat\/index.php?rest_route=%2Fwp%2Fv2%2Fcomments&post=244"}],"version-history":[{"count":0,"href":"https:\/\/www.blocdelsabat.cat\/index.php?rest_route=\/wp\/v2\/posts\/244\/revisions"}],"wp:attachment":[{"href":"https:\/\/www.blocdelsabat.cat\/index.php?rest_route=%2Fwp%2Fv2%2Fmedia&parent=244"}],"wp:term":[{"taxonomy":"category","embeddable":true,"href":"https:\/\/www.blocdelsabat.cat\/index.php?rest_route=%2Fwp%2Fv2%2Fcategories&post=244"},{"taxonomy":"post_tag","embeddable":true,"href":"https:\/\/www.blocdelsabat.cat\/index.php?rest_route=%2Fwp%2Fv2%2Ftags&post=244"}],"curies":[{"name":"wp","href":"https:\/\/api.w.org\/{rel}","templated":true}]}}