{"id":252,"date":"2008-06-19T15:41:00","date_gmt":"2008-06-19T15:41:00","guid":{"rendered":"http:\/\/peresabat.wordpress.com\/2008\/06\/19\/puzzle-imaginari"},"modified":"2008-06-19T15:41:00","modified_gmt":"2008-06-19T15:41:00","slug":"puzzle-imaginari","status":"publish","type":"post","link":"https:\/\/www.blocdelsabat.cat\/?p=252","title":{"rendered":"Puzzle imaginari"},"content":{"rendered":"<div align=\"justify\"><a href=\"http:\/\/peresabat.files.wordpress.com\/2008\/06\/puzzle1.jpg\"><img decoding=\"async\" alt=\"\" src=\"http:\/\/peresabat.files.wordpress.com\/2008\/06\/puzzle1.jpg?w=300\" border=\"0\" \/><\/a> <\/div>\n<div align=\"justify\"><span style=\"font-family:arial;font-size:130%;\">Una de les idees que va centrar el Congr\u00e9s Nacional d\u2019Esquerra Republicana va ser la de qui havia de liderar el projecte independentista i de progr\u00e9s que encara el partit de Maci\u00e0 i Companys. Els militants en el proc\u00e9s d\u2019elecci\u00f3 interna del 7 de juny, van elegir Joan Puigcerc\u00f3s i Joan Ridao per pilotar-lo, aix\u00ed com tamb\u00e9 a Carmel M\u00f2dol, Eduard L\u00f3pez i Alba Castellv\u00ed durant el plenari del Congr\u00e9s de dissabte 14. <\/span><span style=\"font-family:arial;font-size:130%;\"><\/div>\n<div align=\"justify\">Durant tot aquest per\u00edode, hi ha hagut molt temps per pensar quin l\u00edder d\u2019Esquerra podria desenvolupar millor les diferents funcions que qualsevol partit ha de cobrir, ja siguin org\u00e0niques, electorals o representatives. Aix\u00ed que, durant algun trajecte cap a Barcelona, m\u00e9s o menys he esbossat un puzzle de com podria Esquerra maximitzar el seu capital hum\u00e0, que com deia la candidatura guanyadora, \u00e9s el millor capital del qu\u00e8 disposa Esquerra Republicana. <\/div>\n<div align=\"justify\">Primerament em centrar\u00e9 amb els c\u00e0rrecs del partit. Com a President del partit hi situaria Joan Puigcerc\u00f3s, una persona que es coneix perfectament i de primera m\u00e0 el partit, per\u00f2 que a la vegada podria, i podr\u00e0, defensar de manera clara l\u2019ideari d\u2019Esquerra basat en la democr\u00e0cia, el republicanisme social, en l\u2019esquerranisme i en l\u2019independentisme. <\/div>\n<div align=\"justify\">Com a Secretari General hi posaria el candidat m\u00e9s preparat que es va presentar en les eleccions internes, Uriel Bertran. Bertran significa renovaci\u00f3, significa ambici\u00f3 i significa modernitzaci\u00f3, uns trets b\u00e0sics que sumats als coneixements del partit que t\u00e9, el posicionen com la persona m\u00e9s preparada per agafar les regnes internes del partit. Bertran \u00e9s capa\u00e7 de liderar l\u2019estructura de les secretaries i de les sectorials per fer-les funcionar de manera que puguin dotar al partit de posicionaments clars i que siguin \u00f2rgans que ajudin a treballar per tal d\u2019aconseguir els objectius de l\u2019organitzaci\u00f3. <\/div>\n<div align=\"justify\">Deixant de banda els elements interns, centrem-nos en els electorals. L\u2019estructura que ha quedat despr\u00e8s del Congr\u00e9s, \u00e9s que els l\u00edders del partit no poden ser a l\u2019executiu de la Generalitat. Per tant \u00e9s obvi que Puigcerc\u00f3s no hi seria, aix\u00f2 no obstant no impedeix que no sigui el candidat a President de la Generalitat. Crec que Esquerra necessita un canvi de cartell electoral i crec, que la persona m\u00e9s capacitada per fer-ho \u00e9s sens dubte Joan Puigcerc\u00f3s. <\/div>\n<div align=\"justify\">En cas que Esquerra entr\u00e9s a formar part d\u2019un hipot\u00e8tic govern on no es fos la primera for\u00e7a pol\u00edtica, les persones m\u00e9s indicades per fer la tasca de m\u00e0xim representant en aquest govern serien o Anna Sim\u00f3 o Rafel Niub\u00f3. Els dos, representen rigor, treball i dedicaci\u00f3, mesures imprescindibles per a l\u2019acci\u00f3 governamental d\u2019un partit seri\u00f3s i \u00e8tic com Esquerra.<br \/>Tamb\u00e9 com a tasca representativa, i si la situaci\u00f3 ho permet, Ernest Benach hauria de continuar sent el President del Parlament, ja que amb la seva tasca ha contribu\u00eft a modernitzar aquesta instituci\u00f3 i alhora a apropar-la a la poblaci\u00f3. <\/div>\n<div align=\"justify\">Les eleccions a la Generalitat s\u00f3n les m\u00e9s importants per un partit nacional com Esquerra, tot i aix\u00ed considero que a les eleccions espanyoles s\u2019hauria de fer un esfor\u00e7 per tal de tensar la corda democr\u00e0tica amb l\u2019Estat Espanyol. A Madrid s\u2019hi hauria d\u2019enviar un perfil diferent a l\u2019actual, un perfil m\u00e9s contundent. Crec que la llista de Madrid l\u2019hauria d\u2019encap\u00e7alar Joan Carretero.<br \/>Carretero ha demostrat en aquesta campanya que \u00e9s una persona de principis i que no t\u00e9 por de barallar-se amb qui sigui. Carretero \u00e9s d\u2019aquelles persones que a Madrid fan por, \u00e9s d\u2019aquelles persones que a Madrid temen, perqu\u00e8 no \u00e9s d\u2019aquells que professen un verb patri\u00f2tic buit i inflat, com tants anys a passat amb algun partit, sin\u00f3 que Carretero sap fer pol\u00edtica amb les paraules justes, el bon to i els bons arguments. Seguin Carretero en la llista per Barcelona, hi podrien anar dues persones que el podrien complementar molt b\u00e9. Per una banda l\u2019actual cap de llista Joan Ridao, ja que els seus coneixements jur\u00eddics sempre s\u00f3n de gran utilitat, i per l\u2019altre Elisenda Paluzie, ja que Esquerra ha de mantenir un gran discurs en el tema econ\u00f2mic i de finan\u00e7ament. <\/div>\n<div align=\"justify\">Les altres eleccions que quedarien per cobrir les reservaria per una persona que amb la seva tasca en mat\u00e8ria d\u2019afers exteriors s\u2019est\u00e0 guanyant un gran respecte a nivell internacional. Josep Llu\u00eds Carod-Rovira seia la persona indicada per encap\u00e7alar amb \u00e8xit el cartell electoral per el Parlament Europeu. Carod est\u00e0 fent una gran tasca en relacions internacionals i la podria continuar fent, i potser sense tants lligams, com a l\u00edder parlamentari d\u2019un grup al Parlament Europeu format per els eurodiputats dels partits catalans o dels independentistes europeus.<br \/>Carod a m\u00e9s, es podria fer c\u00e0rrec de la direcci\u00f3 d\u2019una gran fundaci\u00f3 encarregada de proveir al partit en noves idees i nous horitzons. Per tant Esquerra aprofitaria els dos grans punts de Carod, el m\u00edting i relacions internacionals, i per altra banda tot el tema ideol\u00f2gic, \u00e0mbits en els quals Carod destaca. <\/div>\n<div align=\"justify\">Aquest \u00e9s el puzzle que em va venir al cap en un d\u2019aquests interminables trajectes d\u2019anada i tornada entre Vilafranca i Barcelona. Estaria b\u00e9 no?<\/div>\n<div align=\"justify\"><\/span> <\/div>\n<div class=\"blogger-post-footer\"><img width='1' height='1' src='https:\/\/blogger.googleusercontent.com\/tracker\/2467933452740288616-3671726594421514422?l=peresabat.blogspot.com' alt='' \/><\/div>\n","protected":false},"excerpt":{"rendered":"<p>Una de les idees que va centrar el Congr\u00e9s Nacional d\u2019Esquerra Republicana va ser la de qui havia de liderar el projecte independentista i de progr\u00e9s que encara el partit de Maci\u00e0 i Companys. Els militants en el proc\u00e9s d\u2019elecci\u00f3 interna del 7 de juny, van elegir Joan Puigcerc\u00f3s i Joan Ridao per pilotar-lo, aix\u00ed&#8230;<\/p>\n","protected":false},"author":2,"featured_media":0,"comment_status":"open","ping_status":"open","sticky":false,"template":"","format":"standard","meta":{"footnotes":""},"categories":[26],"tags":[],"class_list":["post-252","post","type-post","status-publish","format-standard","hentry","category-uncategorized"],"_links":{"self":[{"href":"https:\/\/www.blocdelsabat.cat\/index.php?rest_route=\/wp\/v2\/posts\/252","targetHints":{"allow":["GET"]}}],"collection":[{"href":"https:\/\/www.blocdelsabat.cat\/index.php?rest_route=\/wp\/v2\/posts"}],"about":[{"href":"https:\/\/www.blocdelsabat.cat\/index.php?rest_route=\/wp\/v2\/types\/post"}],"author":[{"embeddable":true,"href":"https:\/\/www.blocdelsabat.cat\/index.php?rest_route=\/wp\/v2\/users\/2"}],"replies":[{"embeddable":true,"href":"https:\/\/www.blocdelsabat.cat\/index.php?rest_route=%2Fwp%2Fv2%2Fcomments&post=252"}],"version-history":[{"count":0,"href":"https:\/\/www.blocdelsabat.cat\/index.php?rest_route=\/wp\/v2\/posts\/252\/revisions"}],"wp:attachment":[{"href":"https:\/\/www.blocdelsabat.cat\/index.php?rest_route=%2Fwp%2Fv2%2Fmedia&parent=252"}],"wp:term":[{"taxonomy":"category","embeddable":true,"href":"https:\/\/www.blocdelsabat.cat\/index.php?rest_route=%2Fwp%2Fv2%2Fcategories&post=252"},{"taxonomy":"post_tag","embeddable":true,"href":"https:\/\/www.blocdelsabat.cat\/index.php?rest_route=%2Fwp%2Fv2%2Ftags&post=252"}],"curies":[{"name":"wp","href":"https:\/\/api.w.org\/{rel}","templated":true}]}}