{"id":255,"date":"2008-06-21T19:18:00","date_gmt":"2008-06-21T19:18:00","guid":{"rendered":"http:\/\/peresabat.wordpress.com\/2008\/06\/21\/qui-defensa-al-catala"},"modified":"2008-06-21T19:18:00","modified_gmt":"2008-06-21T19:18:00","slug":"qui-defensa-al-catala","status":"publish","type":"post","link":"https:\/\/www.blocdelsabat.cat\/?p=255","title":{"rendered":"Qui defensa al catal\u00e0?"},"content":{"rendered":"<p><a href=\"http:\/\/peresabat.files.wordpress.com\/2008\/06\/senyera1.jpg\"><img decoding=\"async\" alt=\"\" src=\"http:\/\/peresabat.files.wordpress.com\/2008\/06\/senyera1.jpg?w=300\" border=\"0\" \/><\/a><\/p>\n<div align=\"justify\"><span style=\"font-family:arial;font-size:130%;\">Un dels debats que m\u00e9s paraules, tert\u00falies, debats i discussions va generar en l\u2019anterior legislatura, i continua fent-ho ara \u00e9s la definici\u00f3 del que \u00e9s o no naci\u00f3. Tenia 16 anys quan vaig aprendre realment la definici\u00f3 de naci\u00f3. La definici\u00f3 de naci\u00f3 que practico, i predico, \u00e9s la que apareixia al llibre de quart d\u2019ESO del meu Institut. <\/span><\/div>\n<p><span style=\"font-family:arial;font-size:130%;\"><\/p>\n<div align=\"justify\">La definici\u00f3 deia aix\u00ed &#8220;<em>el terme naci\u00f3 es refereix a un conjunt d\u2019homes i dones units per una s\u00e8rie d\u2019elements comuns com ara la hist\u00f2ria, la llengua, les tradicions, la religi\u00f3, el dret i que tenen la voluntat d\u2019autogovernar-se&#8221;. <\/em><\/div>\n<div align=\"justify\">Aquesta definici\u00f3 de naci\u00f3 \u00e9s simple i pot ser \u00e0mpliament compartida per a tothom, per tant s\u00ed s\u2019apliqu\u00e9s al nostre pa\u00eds, la definici\u00f3 hi quadra perfectament. Un dels elements que indica el fet de considerar, o no, una col\u00b7lectivitat com a naci\u00f3 \u00e9s la llengua.<\/div>\n<div align=\"justify\">La llengua \u00e9s un dels elements b\u00e0sics per la consolidaci\u00f3 de qualsevol naci\u00f3, i el catal\u00e0 per Catalunya i els Pa\u00efsos Catalans, tamb\u00e9 ho \u00e9s. \u00daltimament, sembla que diferents sectors, ja siguin empresarials o intel\u00b7lectuals, han posat el seu punt de mira en contra de la llengua pr\u00f2pia de m\u00e9s de 12 milions de ciutadans del m\u00f3n. <\/div>\n<div align=\"justify\">Fa algunes setmanes el directors de la segona aerolinia alemanya, Air Berl\u00edn, publicava en la revista de l\u2019empresa un article carregant en contra del catal\u00e0 i acusava al govern balear, d\u2019imposar la llengua catalana i d\u2019arraconar la llengua espanyola de la societat. Aquest fet \u00e9s una mentida garrafal, per\u00f2 el text seguia dient a mode d\u2019exabruptes tot d\u2019insults cap al catal\u00e0 i als seus parlants titllant-los d\u2019antics medievalistes.<br \/>Aquest fet no cal dir va rebre la resposta oportuna per part de la poblaci\u00f3, milers i milers de cartes i mails van inundar les centraletes d\u2019aquesta companyia tant desinformada. La resposta tamb\u00e9 va tenir resposta de la companyia. La resposta va ser la de denunciar al dirigent d\u2019Esquerra Joan Puig per haver publicat un post al seu bloc anomenat <em>&#8220;Air Goebbels<\/em>&#8220;. Cal dir que els primers que van demanar que es denunci\u00e9s al dirigent republic\u00e0, va ser tota la tropa de la brunete nacionalcat\u00f2lica de Madrid. <\/div>\n<div align=\"justify\">L\u2019atac de la companya alemanya no ha estat l\u2019\u00faltim atac a la llengua que s\u2019ha patit recentment. Fa pocs dies es va saber que l\u2019Acad\u00e8mia de la llengua francesa demanava que s\u2019elimin\u00e9s la modificaci\u00f3 de la Constituci\u00f3 d\u2019aquest pa\u00eds que feia refer\u00e8ncia a les lleng\u00fces minorit\u00e0ries. Aquesta modificaci\u00f3 deia que les lleng\u00fces dites &#8220;<em>regionals<\/em>&#8221; tamb\u00e9 formaven part del patrimoni de la naci\u00f3 francesa, fet que l\u2019Acad\u00e8mia ha considerat que atacava als fonaments de la gran naci\u00f3 gal\u00b7la.<\/p>\n<p>Aquests fets, com no podria ser d&#8217;altra manera, han comptat amb la resposta de rebuig contundent per part de governs, d\u2019institucions i d\u2019entitats que defensen la llengua catalana. Ara b\u00e9, la pregunta que ens haur\u00edem de fer tots plegats i sobretot aquells han rebutjat aquestes situacions, \u00e9s si amb un estat que tingu\u00e9s el catal\u00e0 com a llengua oficial, aquestes mostres de menyspreu i d\u2019humiliaci\u00f3 serien possibles. <\/p><\/div>\n<p><\/p>\n<div align=\"justify\">Alg\u00fa s\u2019imagina que una empresa es rigui a la cara dels holandesos menyspreant la seva llengua? O dels valons? Oi que no? Doncs aquesta \u00e9s la resposta que hauriem, i haurem, de donar. <\/div>\n<div align=\"justify\">Un Estat per defensar la nostra llengua. Un Estat que ens defensi. Un Estat nostre. L\u2019Estat Catal\u00e0 del futur, que ja s\u2019acosta.<br \/><\/span><\/div>\n<div class=\"blogger-post-footer\"><img width='1' height='1' src='https:\/\/blogger.googleusercontent.com\/tracker\/2467933452740288616-71762880355919552?l=peresabat.blogspot.com' alt='' \/><\/div>\n","protected":false},"excerpt":{"rendered":"<p>Un dels debats que m\u00e9s paraules, tert\u00falies, debats i discussions va generar en l\u2019anterior legislatura, i continua fent-ho ara \u00e9s la definici\u00f3 del que \u00e9s o no naci\u00f3. Tenia 16 anys quan vaig aprendre realment la definici\u00f3 de naci\u00f3. La definici\u00f3 de naci\u00f3 que practico, i predico, \u00e9s la que apareixia al llibre de quart&#8230;<\/p>\n","protected":false},"author":2,"featured_media":0,"comment_status":"open","ping_status":"open","sticky":false,"template":"","format":"standard","meta":{"footnotes":""},"categories":[26],"tags":[],"class_list":["post-255","post","type-post","status-publish","format-standard","hentry","category-uncategorized"],"_links":{"self":[{"href":"https:\/\/www.blocdelsabat.cat\/index.php?rest_route=\/wp\/v2\/posts\/255","targetHints":{"allow":["GET"]}}],"collection":[{"href":"https:\/\/www.blocdelsabat.cat\/index.php?rest_route=\/wp\/v2\/posts"}],"about":[{"href":"https:\/\/www.blocdelsabat.cat\/index.php?rest_route=\/wp\/v2\/types\/post"}],"author":[{"embeddable":true,"href":"https:\/\/www.blocdelsabat.cat\/index.php?rest_route=\/wp\/v2\/users\/2"}],"replies":[{"embeddable":true,"href":"https:\/\/www.blocdelsabat.cat\/index.php?rest_route=%2Fwp%2Fv2%2Fcomments&post=255"}],"version-history":[{"count":0,"href":"https:\/\/www.blocdelsabat.cat\/index.php?rest_route=\/wp\/v2\/posts\/255\/revisions"}],"wp:attachment":[{"href":"https:\/\/www.blocdelsabat.cat\/index.php?rest_route=%2Fwp%2Fv2%2Fmedia&parent=255"}],"wp:term":[{"taxonomy":"category","embeddable":true,"href":"https:\/\/www.blocdelsabat.cat\/index.php?rest_route=%2Fwp%2Fv2%2Fcategories&post=255"},{"taxonomy":"post_tag","embeddable":true,"href":"https:\/\/www.blocdelsabat.cat\/index.php?rest_route=%2Fwp%2Fv2%2Ftags&post=255"}],"curies":[{"name":"wp","href":"https:\/\/api.w.org\/{rel}","templated":true}]}}