{"id":259,"date":"2008-06-23T16:16:00","date_gmt":"2008-06-23T16:16:00","guid":{"rendered":"http:\/\/peresabat.wordpress.com\/2008\/06\/23\/catalans-laznarisme-no-ha-mort"},"modified":"2008-06-23T16:16:00","modified_gmt":"2008-06-23T16:16:00","slug":"catalans-laznarisme-no-ha-mort","status":"publish","type":"post","link":"https:\/\/www.blocdelsabat.cat\/?p=259","title":{"rendered":"Catalans: l&#8217;aznarisme no ha mort"},"content":{"rendered":"<p><a href=\"http:\/\/peresabat.files.wordpress.com\/2008\/06\/c-arias-navarro1.jpg\"><img decoding=\"async\" alt=\"\" src=\"http:\/\/peresabat.files.wordpress.com\/2008\/06\/c-arias-navarro1.jpg?w=300\" border=\"0\" \/><\/a><\/p>\n<div align=\"justify\"><span style=\"font-family:arial;font-size:130%;\">No s\u00e9 si es greu o si \u00e9s bo, o si \u00e9s preocupant o qu\u00e8, per\u00f2 comen\u00e7o a constatar que no veig les coses com des dels mitjans de comunicaci\u00f3 les pinten, les transmeten i les expliquen. <\/span><\/div>\n<p><span style=\"font-family:arial;font-size:130%;\"><\/p>\n<div align=\"justify\">Fa una setmana ja vaig escriure la meva visi\u00f3, partidista ho reconec per\u00f2 \u00e9s com ho veig, del resultat del Congr\u00e9s d\u2019Esquerra i de la visi\u00f3 malintencionada que creia que en feien els mitjans, ara una setmana despr\u00e8s no puc evitar fer la mateixa reflexi\u00f3 amb els resultats d\u2019un altre Congr\u00e9s. <\/div>\n<div align=\"justify\">Aquest cap de setmana passat s\u2019ha celebrat a la part sud del pa\u00eds, concretament a Val\u00e8ncia, el Congr\u00e9s del Partido Popular. Aquest Congr\u00e9s havia de ser el de l\u2019enterrament p\u00fablic de Rajoy o el de l\u2019aznarisme, i segons diferent premsa ha sigut l\u2019enterrament d\u2019aquest \u00faltim. Aquest Congr\u00e9s tamb\u00e9 ha significat, segons els mitjans, l\u2019entronitzaci\u00f3 de Rajoy com a nou l\u00edder amb un ampli suport. No comparteixo aquesta visi\u00f3. <\/div>\n<div align=\"justify\">Primerament haur\u00edem de clarificar qu\u00e8 \u00e9s l\u2019aznarisme. L\u2019aznarisme nom\u00e9s s\u00f3n diverses cares de diversos dirigents del PP? L\u2019 aznarisme \u00e9s nom\u00e9s una determinada manera de fer pol\u00edtica? O l\u2019aznarisme tamb\u00e9, i sobretot, \u00e9s una determinada acci\u00f3 pol\u00edtica?<br \/>En la meva humil opini\u00f3 l\u2019azanrisme \u00e9s m\u00e9s aviat una determinada acci\u00f3 pol\u00edtica, m\u00e9s que no pas les cares o les formes de dur-la a terme. <\/div>\n<div align=\"justify\">\u00c9s cert tot i aix\u00ed que el qui i el com influeixen a l\u2019hora de determinar pol\u00edtiques, per\u00f2 escoltant els discursos dels nous l\u00edders populars es pot observar que la l\u00ednia de flotaci\u00f3 segueix sent la mateixa. El que si \u00e9s cert \u00e9s que les cares han canviat, han passat de l\u2019Acebes a la De Cospedal, tamb\u00e9 \u00e9s cert que les formes han canviat, la manera de parlar \u00e9s diferent, per\u00f2 el discurs, el qu\u00e8, \u00e9s el mateix.<br \/>En el primer discurs com a Secretaria General del PP, De Cospedal va carregar de manera dur\u00edssima contra el Govern de la Generalitat, durant tot el Congr\u00e9s els atacs contra Catalunya han estat constants. Aix\u00f2 \u00e9s el nou PP de Rajoy? <\/div>\n<div align=\"justify\">\u00c9s veritat, tamb\u00e9, que s\u2019ha introdu\u00eft algunes modificacions i alguns matisos en el discurs popular, per\u00f2 en ess\u00e8ncia segueix sent el mateix. Rajoy parla d\u2019entesa amb els partits regionalistes de l\u2019estat (PNV i CiU), Rajoy parla de nou discurs per fer-lo extensible a la totalitat de l\u2019estat espanyol, Rajoy i Sirera parlen d\u2019una nova i major sensibilitat popular cap a Catalunya, per\u00f2 no retiren el recurs contra l\u2019Estatut al TC, i a m\u00e9s, tenen com a Portaveu parlament\u00e0ria al Congr\u00e9s dels Diputats a la responsable de la redacci\u00f3 d\u2019aquest recurs, Soraya S\u00e1enz de Santamaria. <\/div>\n<div align=\"justify\">La nova direcci\u00f3 hi ha com a representants del PP a Catalunya els il\u00b7lustr\u00edssims dirigents d\u2019<em>&#8220;Alianza Popular de los siete magnificos&#8221;<\/em> els germans Fern\u00e1ndez D\u00edaz o l\u2019encara m\u00e9s il\u00b7lustre Alejo Vidal Quadras, responsable de qu\u00e8 Pepe Rubianes estigui pendent de judici per ultratge a la <em>&#8220;naci\u00f3n espa\u00f1ola&#8221;.<\/em> <\/div>\n<div align=\"justify\">Potser el PP ha canviat de cares i de formes, per\u00f2 el discurs segueix sent el mateix. El discurs del PP segueix sent de confrontaci\u00f3 contra Catalunya, segueix sent corrosiu, segueix sent totalitari. O est\u00e0s amb ells o ets un potencial terrorista anti espanyol que segur que has pensat com deixar sense pares a la filla de Rajoy. <\/div>\n<div align=\"justify\">Sento portar la contr\u00e0ria a gent que segur que en sap molt, sobretot els que estan a sou dels Gurps God\u00f3 i Planeta, per\u00f2 senyors deixen-me dir una cosa:<br \/><em>&#8220;catalans, l\u2019aznarisme no ha mort&#8221;.<\/em> <\/span><\/div>\n<div class=\"blogger-post-footer\"><img width='1' height='1' src='https:\/\/blogger.googleusercontent.com\/tracker\/2467933452740288616-3167171151248980462?l=peresabat.blogspot.com' alt='' \/><\/div>\n","protected":false},"excerpt":{"rendered":"<p>No s\u00e9 si es greu o si \u00e9s bo, o si \u00e9s preocupant o qu\u00e8, per\u00f2 comen\u00e7o a constatar que no veig les coses com des dels mitjans de comunicaci\u00f3 les pinten, les transmeten i les expliquen. Fa una setmana ja vaig escriure la meva visi\u00f3, partidista ho reconec per\u00f2 \u00e9s com ho veig, del&#8230;<\/p>\n","protected":false},"author":2,"featured_media":0,"comment_status":"open","ping_status":"open","sticky":false,"template":"","format":"standard","meta":{"footnotes":""},"categories":[26],"tags":[],"class_list":["post-259","post","type-post","status-publish","format-standard","hentry","category-uncategorized"],"_links":{"self":[{"href":"https:\/\/www.blocdelsabat.cat\/index.php?rest_route=\/wp\/v2\/posts\/259","targetHints":{"allow":["GET"]}}],"collection":[{"href":"https:\/\/www.blocdelsabat.cat\/index.php?rest_route=\/wp\/v2\/posts"}],"about":[{"href":"https:\/\/www.blocdelsabat.cat\/index.php?rest_route=\/wp\/v2\/types\/post"}],"author":[{"embeddable":true,"href":"https:\/\/www.blocdelsabat.cat\/index.php?rest_route=\/wp\/v2\/users\/2"}],"replies":[{"embeddable":true,"href":"https:\/\/www.blocdelsabat.cat\/index.php?rest_route=%2Fwp%2Fv2%2Fcomments&post=259"}],"version-history":[{"count":0,"href":"https:\/\/www.blocdelsabat.cat\/index.php?rest_route=\/wp\/v2\/posts\/259\/revisions"}],"wp:attachment":[{"href":"https:\/\/www.blocdelsabat.cat\/index.php?rest_route=%2Fwp%2Fv2%2Fmedia&parent=259"}],"wp:term":[{"taxonomy":"category","embeddable":true,"href":"https:\/\/www.blocdelsabat.cat\/index.php?rest_route=%2Fwp%2Fv2%2Fcategories&post=259"},{"taxonomy":"post_tag","embeddable":true,"href":"https:\/\/www.blocdelsabat.cat\/index.php?rest_route=%2Fwp%2Fv2%2Ftags&post=259"}],"curies":[{"name":"wp","href":"https:\/\/api.w.org\/{rel}","templated":true}]}}