{"id":2607,"date":"2012-09-24T18:20:24","date_gmt":"2012-09-24T18:20:24","guid":{"rendered":"http:\/\/peresabat.wordpress.com\/?p=2607"},"modified":"2012-09-24T18:20:24","modified_gmt":"2012-09-24T18:20:24","slug":"la-diada-major","status":"publish","type":"post","link":"https:\/\/www.blocdelsabat.cat\/?p=2607","title":{"rendered":"La Diada Major"},"content":{"rendered":"<p><a href=\"http:\/\/peresabat.files.wordpress.com\/2012\/09\/stfelix.jpg\"><img loading=\"lazy\" decoding=\"async\" class=\"alignleft size-full wp-image-2608\" title=\"stfelix\" src=\"http:\/\/peresabat.files.wordpress.com\/2012\/09\/stfelix.jpg\" alt=\"\" width=\"274\" height=\"184\" \/><\/a>Els carrers ja no fan olor a p\u00f3lvora , la pla\u00e7a de la vila ja espera Tots Sants i la gent ha recuperat les rutines i les hores de dinar tornen a ser les habituals. Els mocadors vermells tacats de blanc que tan han onejat tornen als calaixos esperant que d\u2019aqu\u00ed a un any \u2013seguint el calendari festamajorenc dels Capgrossos que tan ben acompanyats han estat pels Xerics- tornin a sortir embolcallant mans i fronts.<\/p>\n<p>Aquesta Festa Major per\u00f2, tamb\u00e9 quedar\u00e0 per un gran desacomplexament. Si fins ara l\u2019\u00fanic moment diguem-ne de reivindicaci\u00f3 nacional era amb la interpretaci\u00f3 de \u2018Els Segadors\u2019 el dia de Sant F\u00e8lix i el desplegament de l\u2019estelada, aquest any els crits d\u2019independ\u00e8ncia han estat t\u00f2nica general. A l\u2019entrada, als concerts, per Sant F\u00e8lix&#8230;. per no dir la gran estesa d\u2019estelades que hi ha hagut arreu de la vila.<\/p>\n<p>El moment del pa\u00eds \u00e9s clau, \u00e9s un punt d\u2019inflexi\u00f3 i tots estem cridats a respondre-hi. I en els propers dies tindrem la primera oportunitat de fer-ho. S\u00ed, aquest onze de setembre est\u00e0 agafant una gran embranzida.<\/p>\n<p>La manifestaci\u00f3 de Barcelona pot ser hist\u00f2rica i junts podem viure aquest moment. Ara toca posicionar-se. Els temps de la neutralitat mal entesa s\u2019han esfumat. Cal caminar cap a nous camins de llibertat. La societat demanda un pas endavant i si les institucions no s\u2019hi veuen en cor,\u00a0 caldr\u00e0 renovar-les. \u00c9s temps de decidir.<\/p>\n<p style=\"text-align:right;\">article publicat a El 3 de Vuit<\/p>\n","protected":false},"excerpt":{"rendered":"<p>Els carrers ja no fan olor a p\u00f3lvora , la pla\u00e7a de la vila ja espera Tots Sants i la gent ha recuperat les rutines i les hores de dinar tornen a ser les habituals. Els mocadors vermells tacats de blanc que tan han onejat tornen als calaixos esperant que d\u2019aqu\u00ed a un any \u2013seguint&#8230;<\/p>\n","protected":false},"author":2,"featured_media":0,"comment_status":"open","ping_status":"open","sticky":false,"template":"","format":"standard","meta":{"footnotes":""},"categories":[26],"tags":[],"class_list":["post-2607","post","type-post","status-publish","format-standard","hentry","category-uncategorized"],"_links":{"self":[{"href":"https:\/\/www.blocdelsabat.cat\/index.php?rest_route=\/wp\/v2\/posts\/2607","targetHints":{"allow":["GET"]}}],"collection":[{"href":"https:\/\/www.blocdelsabat.cat\/index.php?rest_route=\/wp\/v2\/posts"}],"about":[{"href":"https:\/\/www.blocdelsabat.cat\/index.php?rest_route=\/wp\/v2\/types\/post"}],"author":[{"embeddable":true,"href":"https:\/\/www.blocdelsabat.cat\/index.php?rest_route=\/wp\/v2\/users\/2"}],"replies":[{"embeddable":true,"href":"https:\/\/www.blocdelsabat.cat\/index.php?rest_route=%2Fwp%2Fv2%2Fcomments&post=2607"}],"version-history":[{"count":0,"href":"https:\/\/www.blocdelsabat.cat\/index.php?rest_route=\/wp\/v2\/posts\/2607\/revisions"}],"wp:attachment":[{"href":"https:\/\/www.blocdelsabat.cat\/index.php?rest_route=%2Fwp%2Fv2%2Fmedia&parent=2607"}],"wp:term":[{"taxonomy":"category","embeddable":true,"href":"https:\/\/www.blocdelsabat.cat\/index.php?rest_route=%2Fwp%2Fv2%2Fcategories&post=2607"},{"taxonomy":"post_tag","embeddable":true,"href":"https:\/\/www.blocdelsabat.cat\/index.php?rest_route=%2Fwp%2Fv2%2Ftags&post=2607"}],"curies":[{"name":"wp","href":"https:\/\/api.w.org\/{rel}","templated":true}]}}