{"id":2610,"date":"2012-09-24T18:23:19","date_gmt":"2012-09-24T18:23:19","guid":{"rendered":"http:\/\/peresabat.wordpress.com\/?p=2610"},"modified":"2012-09-24T18:23:19","modified_gmt":"2012-09-24T18:23:19","slug":"lalba-catalana","status":"publish","type":"post","link":"https:\/\/www.blocdelsabat.cat\/?p=2610","title":{"rendered":"L&#8217;ALBA catalana"},"content":{"rendered":"<p><a href=\"http:\/\/peresabat.files.wordpress.com\/2012\/09\/alba.jpg\"><img loading=\"lazy\" decoding=\"async\" class=\"alignleft size-medium wp-image-2611\" title=\"alba\" src=\"http:\/\/peresabat.files.wordpress.com\/2012\/09\/alba.jpg?w=300\" alt=\"\" width=\"300\" height=\"224\" \/><\/a>L\u2019accelerador de part\u00edcules en qu\u00e8 s\u2019ha convertit la pol\u00edtica catalana des de la manifestaci\u00f3 hist\u00f2rica de la Diada Nacional sembla que no t\u00e9 qui l\u2019aturi.<\/p>\n<p>I els que pretenen aturar-la no fan m\u00e9s que provocar tot el contrari. Si el Rei es pensava que amb la carta calmaria o faria reflexionar al mili\u00f3 i mig de ciutadans que van sortir pels carrers de Barcelona, home, amb amenaces velades no sembla que sigui la millor de les estrat\u00e8gies. I tampoc ho \u00e9s l\u2019enterrament p\u00fablic del federalisme que va fer Rubalcaba a la Festa de la Rosa del PSC. Espanya no fa m\u00e9s que tancar la porta. No d\u00f3na ni planteja alternatives m\u00e9s enll\u00e0 de \u201cla Constituci\u00f3n\u201d. Arribats fins aqu\u00ed i havent fet tot el possible per l\u2019entesa, nom\u00e9s queda l\u2019emancipaci\u00f3. L\u2019aposta federal ja es va fer, era l\u2019estatut del 2005. Es va intentar i el resultat i els costos que es van pagar s\u00f3n per tots sabuts. Frac\u00e0s rotund. \u00a0L\u2019aposta ha de ser canviar la Constituci\u00f3? Abans el Papa modificar\u00e0 la b\u00edblia que el PP i el PSOE la Constituci\u00f3 per fer-la federal. Per tant, ara no val repetir experi\u00e8ncies passades, ja que actualment ni tan sols els que pretesament haurien de compartir projecte, el PSOE, ho fan.<\/p>\n<p>Espanya ja s\u2019agrada tal com \u00e9s, no la canviarem des de Catalunya. \u00c9s l\u2019hora de despertar del somni federalista i de decidir ser un pa\u00eds nou al si de la Uni\u00f3 Europea. \u00a0I tothom hi \u00e9s benvingut.<\/p>\n<p style=\"text-align:right;\">\u00a0article publicat a El 3 de Vuit<\/p>\n","protected":false},"excerpt":{"rendered":"<p>L\u2019accelerador de part\u00edcules en qu\u00e8 s\u2019ha convertit la pol\u00edtica catalana des de la manifestaci\u00f3 hist\u00f2rica de la Diada Nacional sembla que no t\u00e9 qui l\u2019aturi. I els que pretenen aturar-la no fan m\u00e9s que provocar tot el contrari. Si el Rei es pensava que amb la carta calmaria o faria reflexionar al mili\u00f3 i mig&#8230;<\/p>\n","protected":false},"author":2,"featured_media":0,"comment_status":"open","ping_status":"open","sticky":false,"template":"","format":"standard","meta":{"footnotes":""},"categories":[26],"tags":[],"class_list":["post-2610","post","type-post","status-publish","format-standard","hentry","category-uncategorized"],"_links":{"self":[{"href":"https:\/\/www.blocdelsabat.cat\/index.php?rest_route=\/wp\/v2\/posts\/2610","targetHints":{"allow":["GET"]}}],"collection":[{"href":"https:\/\/www.blocdelsabat.cat\/index.php?rest_route=\/wp\/v2\/posts"}],"about":[{"href":"https:\/\/www.blocdelsabat.cat\/index.php?rest_route=\/wp\/v2\/types\/post"}],"author":[{"embeddable":true,"href":"https:\/\/www.blocdelsabat.cat\/index.php?rest_route=\/wp\/v2\/users\/2"}],"replies":[{"embeddable":true,"href":"https:\/\/www.blocdelsabat.cat\/index.php?rest_route=%2Fwp%2Fv2%2Fcomments&post=2610"}],"version-history":[{"count":0,"href":"https:\/\/www.blocdelsabat.cat\/index.php?rest_route=\/wp\/v2\/posts\/2610\/revisions"}],"wp:attachment":[{"href":"https:\/\/www.blocdelsabat.cat\/index.php?rest_route=%2Fwp%2Fv2%2Fmedia&parent=2610"}],"wp:term":[{"taxonomy":"category","embeddable":true,"href":"https:\/\/www.blocdelsabat.cat\/index.php?rest_route=%2Fwp%2Fv2%2Fcategories&post=2610"},{"taxonomy":"post_tag","embeddable":true,"href":"https:\/\/www.blocdelsabat.cat\/index.php?rest_route=%2Fwp%2Fv2%2Ftags&post=2610"}],"curies":[{"name":"wp","href":"https:\/\/api.w.org\/{rel}","templated":true}]}}