{"id":2614,"date":"2012-09-24T18:28:12","date_gmt":"2012-09-24T18:28:12","guid":{"rendered":"http:\/\/peresabat.wordpress.com\/?p=2614"},"modified":"2012-09-24T18:28:12","modified_gmt":"2012-09-24T18:28:12","slug":"aquell-llunya-2003","status":"publish","type":"post","link":"https:\/\/www.blocdelsabat.cat\/?p=2614","title":{"rendered":"Aquell lluny\u00e0 2003"},"content":{"rendered":"<p><a href=\"http:\/\/peresabat.files.wordpress.com\/2012\/09\/ele_2003.png\"><img loading=\"lazy\" decoding=\"async\" class=\"alignleft size-medium wp-image-2615\" title=\"ele_2003\" src=\"http:\/\/peresabat.files.wordpress.com\/2012\/09\/ele_2003.png?w=300\" alt=\"\" width=\"300\" height=\"196\" \/><\/a>El 16 de novembre del 2003 els catalans van acudir a les urnes per votar en unes eleccions del tot estimulants: era la primera vegada que Jordi Pujol no es presentava i els programes de tots els partits catalanistes es basaven en una proposta de reforma de l\u2019estatut.<\/p>\n<p>Aquestes dues variables s\u00f3n fonamentals per entendre el que estem vivint aquests dies, ja que sense el proc\u00e9s endegat llavors, que significava fer la prova federal a Espanya, avui no seriem on som. Per\u00f2 a m\u00e9s a m\u00e9s, aquelles eleccions i el govern que en va esdevenir s\u00f3n transcendentals per l\u2019evoluci\u00f3 nacional que ha fet CiU amb Artur Mas al capdavant.<\/p>\n<p>Potser no ha quedat prou clar. Sense els dos tripartits Converg\u00e8ncia dif\u00edcilment hagu\u00e9s fet el transit de l\u2019autonomisme nacional que tan b\u00e9 practicava cap a un sobiranisme ambigu per\u00f2 al capdavall, sobiranisme. I per ser m\u00e9s clars, s\u2019ha d\u2019especificar que el punt d\u2019inflexi\u00f3 \u00e9s el segon tripartit amb Montilla de president ja que tira pels aires l\u2019aposta de Mas i Duran de recuperar la Generalitat despr\u00e9s del pacte de l\u2019estatut amb Zapatero que implicava que el PSOE pression\u00e9s al PSC per entregar la presid\u00e8ncia a CIU.<\/p>\n<p>Durant les legislatures en qu\u00e8 les esquerres van governar, al contrari del qu\u00e8 pretenen fer creure certs articulistes o el relat convergent, el discurs imperant va ser el de caire nacional i si ho va ser \u00e9s gr\u00e0cies al debat de l\u2019estatut, un estatut la reforma del qual CIU es va veure obligada a assumir malgrat haver-hi votat en contra al Parlament als mesos previs a les eleccions. I a aquest fet cal sumar-hi la voluntat de CIU d\u2019intentar superar sempre en ambici\u00f3 nacional als postulats dels governs liderats per Maragall i Montilla. Aix\u00ed durant set anys l\u2019evoluci\u00f3 del catalanisme de base autonomista va anar en augment fins a desembocar primer en la Casa Gran i posteriorment en el Congr\u00e9s de CDC a Reus en l\u2019estat propi, refor\u00e7at de forma clara despr\u00e9s de la gran mobilitzaci\u00f3 de la Diada Nacional cap a postulats sobiranistes.<\/p>\n<p>Malgrat aquestes evid\u00e8ncies, en l\u2019assumpci\u00f3 de la reivindicaci\u00f3 de l\u2019estat propi per part de CDC, \u00f2bviament tamb\u00e9 hi ha influ\u00eft altres variables tant o m\u00e9s importants com les anteriors descrites com la crisi econ\u00f2mica i la constant recentralitzaci\u00f3 sense m\u00e0scares del govern espanyol. Per\u00f2 el que \u00e9s evident, al meu entendre, \u00e9s que l\u2019evoluci\u00f3 sobiranista de CDC no hauria estat possible en cas d\u2019haver continuat al govern.<\/p>\n<p>S\u00ed, aquell lluny\u00e0 2003 va comen\u00e7ar a edificar-se el que estem vivint avui. Caldria recordar qui va ser el catalitzador d\u2019aquest canvi.<\/p>\n<p>&nbsp;<\/p>\n","protected":false},"excerpt":{"rendered":"<p>El 16 de novembre del 2003 els catalans van acudir a les urnes per votar en unes eleccions del tot estimulants: era la primera vegada que Jordi Pujol no es presentava i els programes de tots els partits catalanistes es basaven en una proposta de reforma de l\u2019estatut. Aquestes dues variables s\u00f3n fonamentals per entendre&#8230;<\/p>\n","protected":false},"author":2,"featured_media":0,"comment_status":"open","ping_status":"open","sticky":false,"template":"","format":"standard","meta":{"footnotes":""},"categories":[26],"tags":[],"class_list":["post-2614","post","type-post","status-publish","format-standard","hentry","category-uncategorized"],"_links":{"self":[{"href":"https:\/\/www.blocdelsabat.cat\/index.php?rest_route=\/wp\/v2\/posts\/2614","targetHints":{"allow":["GET"]}}],"collection":[{"href":"https:\/\/www.blocdelsabat.cat\/index.php?rest_route=\/wp\/v2\/posts"}],"about":[{"href":"https:\/\/www.blocdelsabat.cat\/index.php?rest_route=\/wp\/v2\/types\/post"}],"author":[{"embeddable":true,"href":"https:\/\/www.blocdelsabat.cat\/index.php?rest_route=\/wp\/v2\/users\/2"}],"replies":[{"embeddable":true,"href":"https:\/\/www.blocdelsabat.cat\/index.php?rest_route=%2Fwp%2Fv2%2Fcomments&post=2614"}],"version-history":[{"count":0,"href":"https:\/\/www.blocdelsabat.cat\/index.php?rest_route=\/wp\/v2\/posts\/2614\/revisions"}],"wp:attachment":[{"href":"https:\/\/www.blocdelsabat.cat\/index.php?rest_route=%2Fwp%2Fv2%2Fmedia&parent=2614"}],"wp:term":[{"taxonomy":"category","embeddable":true,"href":"https:\/\/www.blocdelsabat.cat\/index.php?rest_route=%2Fwp%2Fv2%2Fcategories&post=2614"},{"taxonomy":"post_tag","embeddable":true,"href":"https:\/\/www.blocdelsabat.cat\/index.php?rest_route=%2Fwp%2Fv2%2Ftags&post=2614"}],"curies":[{"name":"wp","href":"https:\/\/api.w.org\/{rel}","templated":true}]}}