{"id":2618,"date":"2012-09-27T07:13:40","date_gmt":"2012-09-27T07:13:40","guid":{"rendered":"http:\/\/peresabat.wordpress.com\/?p=2618"},"modified":"2012-09-27T07:13:40","modified_gmt":"2012-09-27T07:13:40","slug":"per-una-catalunya-lliure-prospera-i-sense-classes","status":"publish","type":"post","link":"https:\/\/www.blocdelsabat.cat\/?p=2618","title":{"rendered":"Per una Catalunya lliure, pr\u00f2spera i sense classes"},"content":{"rendered":"<p><a href=\"http:\/\/peresabat.files.wordpress.com\/2012\/09\/catlliurepsc.jpg\"><img loading=\"lazy\" decoding=\"async\" class=\"alignleft size-medium wp-image-2619\" title=\"catlliurePSC\" src=\"http:\/\/peresabat.files.wordpress.com\/2012\/09\/catlliurepsc.jpg?w=207\" alt=\"\" width=\"207\" height=\"300\" \/><\/a>Bon lema oi? No, no \u00e9s el que far\u00e0 ERC a les properes eleccions. Aquest \u00e9s el lema que va utilitzar el PSC a les eleccions del 1977. S\u00ed, com canvien els temps. Comparar aquest \u201cCatalunya lliure\u201d amb el \u201cCatalunya trista i pobre\u201d del discurs del Pere Navarro o el m\u00edtic \u201cNi independentista ni de dretes\u201d de la factoria Collboni fa prendre consci\u00e8ncia de la deriva nacional del PSC. Una ll\u00e0stima. S\u00ed, ll\u00e0stima perqu\u00e8 el PSC ha estat un partit clau per assegurar la cohesi\u00f3 social del pa\u00eds i seria necessari per afrontar el debat ideol\u00f2gic contra la dreta liderada per CIU, aix\u00f2 s\u00ed, adaptant-se a la nova centralitat. Per\u00f2 en comptes d\u2019aquest paper el PSC ha optat per continuar \u2018jugant\u2019 al joc impossible del federalisme. Com si federalisme volgu\u00e9s dir quelcom de concret! Rosa Diaz d\u2019UPyD tamb\u00e9 defensa el federalisme per Espanya. \u00a0La reiteraci\u00f3 de l\u2019aposta federal no \u00e9s menys que una voluntat d\u2019estar permanentment a la pel\u00b7l\u00edcula \u201cAtrapat en el temps\u201d en qu\u00e8 el protagonista reviu dia rere dia el mateix. Es va intentar, i va fracassar el projecte perqu\u00e8 des d\u2019Espanya no hi va haver voluntat. El federalisme \u00e9s un discurs superat en termes d\u2019\u00e0mbit espanyol.<\/p>\n<p>Entre el 2003 i el 2010 els independentistes van sumar amb el corrent majoritari del catalanisme per buscar el pacte federal amb Espanya, ara la centralitat pol\u00edtica ha virat cap a l\u2019independentisme. \u00c9s el moment que els que han apostat pel federalisme i que veuen que ja no hi ha marge de millora facin confian\u00e7a i sumin amb els que treballen per aquesta \u201cCatalunya lliure\u201d i fer conjuntament el pas. La gent del PSC ha de posicionar-se. La hist\u00f2ria no espera i ha arribat l\u2019hora de pujar al tren. Portes obertes.<\/p>\n<p>Catalunya necessita una esquerra nacional forta, una esquerra pro-independentista que tingui discurs m\u00e9s enll\u00e0 de l\u2019objectiu de la proclamaci\u00f3. \u00a0Fem-la possible, junts, per una Catalunya lliure, pr\u00f2spera i sense classes.<\/p>\n","protected":false},"excerpt":{"rendered":"<p>Bon lema oi? No, no \u00e9s el que far\u00e0 ERC a les properes eleccions. Aquest \u00e9s el lema que va utilitzar el PSC a les eleccions del 1977. S\u00ed, com canvien els temps. Comparar aquest \u201cCatalunya lliure\u201d amb el \u201cCatalunya trista i pobre\u201d del discurs del Pere Navarro o el m\u00edtic \u201cNi independentista ni de&#8230;<\/p>\n","protected":false},"author":2,"featured_media":0,"comment_status":"open","ping_status":"open","sticky":false,"template":"","format":"standard","meta":{"footnotes":""},"categories":[26],"tags":[],"class_list":["post-2618","post","type-post","status-publish","format-standard","hentry","category-uncategorized"],"_links":{"self":[{"href":"https:\/\/www.blocdelsabat.cat\/index.php?rest_route=\/wp\/v2\/posts\/2618","targetHints":{"allow":["GET"]}}],"collection":[{"href":"https:\/\/www.blocdelsabat.cat\/index.php?rest_route=\/wp\/v2\/posts"}],"about":[{"href":"https:\/\/www.blocdelsabat.cat\/index.php?rest_route=\/wp\/v2\/types\/post"}],"author":[{"embeddable":true,"href":"https:\/\/www.blocdelsabat.cat\/index.php?rest_route=\/wp\/v2\/users\/2"}],"replies":[{"embeddable":true,"href":"https:\/\/www.blocdelsabat.cat\/index.php?rest_route=%2Fwp%2Fv2%2Fcomments&post=2618"}],"version-history":[{"count":0,"href":"https:\/\/www.blocdelsabat.cat\/index.php?rest_route=\/wp\/v2\/posts\/2618\/revisions"}],"wp:attachment":[{"href":"https:\/\/www.blocdelsabat.cat\/index.php?rest_route=%2Fwp%2Fv2%2Fmedia&parent=2618"}],"wp:term":[{"taxonomy":"category","embeddable":true,"href":"https:\/\/www.blocdelsabat.cat\/index.php?rest_route=%2Fwp%2Fv2%2Fcategories&post=2618"},{"taxonomy":"post_tag","embeddable":true,"href":"https:\/\/www.blocdelsabat.cat\/index.php?rest_route=%2Fwp%2Fv2%2Ftags&post=2618"}],"curies":[{"name":"wp","href":"https:\/\/api.w.org\/{rel}","templated":true}]}}