{"id":2625,"date":"2014-08-26T08:12:15","date_gmt":"2014-08-26T08:12:15","guid":{"rendered":"http:\/\/peresabat.wordpress.com\/2014\/08\/26\/son-vostes-els-que\/"},"modified":"2014-08-26T08:12:15","modified_gmt":"2014-08-26T08:12:15","slug":"son-vostes-els-que","status":"publish","type":"post","link":"https:\/\/www.blocdelsabat.cat\/?p=2625","title":{"rendered":"S\u00f3n vost\u00e8s els que\u2026"},"content":{"rendered":"<p>Aquesta legislatura sembla que ens deixar\u00e0 diverses estampes per guardar i que eleven el sentit del Parlament i de la feina dels diputats. La imatge del David Fern\u00e0ndez amb la sabata davant de Rodrigo Rato, un dels responsables de la gran estafa banc\u00e0ria, n\u2019\u00e9s una. En el darrer Ple en vam tenir una altra. Es debatia una moci\u00f3 presentada pel PP sobre el simposi hist\u00f2ric \u201cEspanya contra Catalunya\u201d on s\u2019acusava als participants de fomentar l\u2019odi i de manipular la hist\u00f2ria. Davant de tanta aberraci\u00f3 es pot optar per dues vies: la indifer\u00e8ncia o parlar clar. La diputada Teresa Vallverd\u00fa va optar per la segona. Va deixar en evid\u00e8ncia la hipocresia d\u2019un partit que no condemna el franquisme, que es nega a penar l\u2019enaltiment del franquisme i el feixisme, que ataca el model ling\u00fc\u00edstic catal\u00e0, que retalla drets a les dones amb la llei de l\u2019avortament o que instaura un estat policial i repressor amb la llei de seguretat ciutadana. Hi ha discursos que no es poden deixar passar. La democr\u00e0cia \u00e9s debat i lluita d\u2019idees. Al Parlament n\u2019estem tenint exemples dia a dia, un element que permet elevar el nivell pol\u00edtic del pa\u00eds. Un pa\u00eds que ja no calla davant l\u2019opressi\u00f3 ni les mentides, un pa\u00eds que ja ha dit prou i que n\u2019est\u00e0 fart que Riveras o Sanchez-Camachos, que contracten com a advocat el redactor de la sent\u00e8ncia de mort de Puig-Antich, donin lli\u00e7ons de res. I com deia la Vallverd\u00fa. #AuVaHome!<\/p>\n<p>\u00a0<\/p>\n<p>27 desembre 2013<\/p>\n","protected":false},"excerpt":{"rendered":"<p>Aquesta legislatura sembla que ens deixar\u00e0 diverses estampes per guardar i que eleven el sentit del Parlament i de la feina dels diputats. La imatge del David Fern\u00e0ndez amb la sabata davant de Rodrigo Rato, un dels responsables de la gran estafa banc\u00e0ria, n\u2019\u00e9s una. En el darrer Ple en vam tenir una altra. Es&#8230;<\/p>\n","protected":false},"author":2,"featured_media":0,"comment_status":"open","ping_status":"open","sticky":false,"template":"","format":"standard","meta":{"footnotes":""},"categories":[26],"tags":[],"class_list":["post-2625","post","type-post","status-publish","format-standard","hentry","category-uncategorized"],"_links":{"self":[{"href":"https:\/\/www.blocdelsabat.cat\/index.php?rest_route=\/wp\/v2\/posts\/2625","targetHints":{"allow":["GET"]}}],"collection":[{"href":"https:\/\/www.blocdelsabat.cat\/index.php?rest_route=\/wp\/v2\/posts"}],"about":[{"href":"https:\/\/www.blocdelsabat.cat\/index.php?rest_route=\/wp\/v2\/types\/post"}],"author":[{"embeddable":true,"href":"https:\/\/www.blocdelsabat.cat\/index.php?rest_route=\/wp\/v2\/users\/2"}],"replies":[{"embeddable":true,"href":"https:\/\/www.blocdelsabat.cat\/index.php?rest_route=%2Fwp%2Fv2%2Fcomments&post=2625"}],"version-history":[{"count":0,"href":"https:\/\/www.blocdelsabat.cat\/index.php?rest_route=\/wp\/v2\/posts\/2625\/revisions"}],"wp:attachment":[{"href":"https:\/\/www.blocdelsabat.cat\/index.php?rest_route=%2Fwp%2Fv2%2Fmedia&parent=2625"}],"wp:term":[{"taxonomy":"category","embeddable":true,"href":"https:\/\/www.blocdelsabat.cat\/index.php?rest_route=%2Fwp%2Fv2%2Fcategories&post=2625"},{"taxonomy":"post_tag","embeddable":true,"href":"https:\/\/www.blocdelsabat.cat\/index.php?rest_route=%2Fwp%2Fv2%2Ftags&post=2625"}],"curies":[{"name":"wp","href":"https:\/\/api.w.org\/{rel}","templated":true}]}}