{"id":2626,"date":"2014-08-26T08:13:27","date_gmt":"2014-08-26T08:13:27","guid":{"rendered":"http:\/\/peresabat.wordpress.com\/2014\/08\/26\/ridiculs-internacionals\/"},"modified":"2014-08-26T08:13:27","modified_gmt":"2014-08-26T08:13:27","slug":"ridiculs-internacionals","status":"publish","type":"post","link":"https:\/\/www.blocdelsabat.cat\/?p=2626","title":{"rendered":"Rid\u00edculs internacionals"},"content":{"rendered":"<p>Es veu que Mariano Rajoy ha afirmat que el president Mas ha perdut la batalla internacional i que si persisteix en l\u2019objectiu de convocar la consulta \u201cfar\u00e0 el rid\u00edcul internacional\u201d. Costa d\u2019entendre qu\u00e8 ent\u00e9n el govern espanyol com a rid\u00edcul, per\u00f2 al meu entendre, com a rid\u00edcul podria ser per exemple que el diari Le Monde carregui contra la llei de l\u2019avortament que ha presentat el ministre Gallard\u00f3n per considerar-la un atac brutal contra les dones, o que la ministra Pastor hagi d\u2019anar a fer de senyora dels enc\u00e0rrecs d\u2019una empresa privada a Panam\u00e0 un cop descoberta l\u2019estafa sobre la construcci\u00f3 del nou canal seguint el procediment de la Marca Espa\u00f1a, o que el president del govern assisteixi al funeral de Mandela i l\u2019\u00fanic que digui \u00e9s que a l\u2019estadi on es feia la cerim\u00f2nia Espanya hi havia guanyat el Mundial. Petits exemples recents de gran rid\u00edcul internacional i de vergonya aliena. Per\u00f2 es clar, per ells el rid\u00edcul \u00e9s demanar votar. Aquest \u00e9s el p\u00f2sit democr\u00e0tic del govern espanyol, el mateix d\u2019aquell que deia \u201chaga como yo, no se meta en pol\u00edtica\u201d com demostra l\u2019aberrant resposta de Margallo a una pregunta de Muriel Casals sobre per qu\u00e8 no ens deixen votar: \u201cpedir lo imposible es peligroso\u201d. Un govern que consideri que votar \u00e9s perill\u00f3s deixa clar de quina manera ent\u00e9n i practica la democr\u00e0cia. I malauradament, de moment, aquest \u00e9s el nostre govern.<\/p>\n<p>\u00a0<\/p>\n<p>10 gener 2014<\/p>\n<p>\u00a0<\/p>\n","protected":false},"excerpt":{"rendered":"<p>Es veu que Mariano Rajoy ha afirmat que el president Mas ha perdut la batalla internacional i que si persisteix en l\u2019objectiu de convocar la consulta \u201cfar\u00e0 el rid\u00edcul internacional\u201d. Costa d\u2019entendre qu\u00e8 ent\u00e9n el govern espanyol com a rid\u00edcul, per\u00f2 al meu entendre, com a rid\u00edcul podria ser per exemple que el diari Le&#8230;<\/p>\n","protected":false},"author":2,"featured_media":0,"comment_status":"open","ping_status":"open","sticky":false,"template":"","format":"standard","meta":{"footnotes":""},"categories":[26],"tags":[],"class_list":["post-2626","post","type-post","status-publish","format-standard","hentry","category-uncategorized"],"_links":{"self":[{"href":"https:\/\/www.blocdelsabat.cat\/index.php?rest_route=\/wp\/v2\/posts\/2626","targetHints":{"allow":["GET"]}}],"collection":[{"href":"https:\/\/www.blocdelsabat.cat\/index.php?rest_route=\/wp\/v2\/posts"}],"about":[{"href":"https:\/\/www.blocdelsabat.cat\/index.php?rest_route=\/wp\/v2\/types\/post"}],"author":[{"embeddable":true,"href":"https:\/\/www.blocdelsabat.cat\/index.php?rest_route=\/wp\/v2\/users\/2"}],"replies":[{"embeddable":true,"href":"https:\/\/www.blocdelsabat.cat\/index.php?rest_route=%2Fwp%2Fv2%2Fcomments&post=2626"}],"version-history":[{"count":0,"href":"https:\/\/www.blocdelsabat.cat\/index.php?rest_route=\/wp\/v2\/posts\/2626\/revisions"}],"wp:attachment":[{"href":"https:\/\/www.blocdelsabat.cat\/index.php?rest_route=%2Fwp%2Fv2%2Fmedia&parent=2626"}],"wp:term":[{"taxonomy":"category","embeddable":true,"href":"https:\/\/www.blocdelsabat.cat\/index.php?rest_route=%2Fwp%2Fv2%2Fcategories&post=2626"},{"taxonomy":"post_tag","embeddable":true,"href":"https:\/\/www.blocdelsabat.cat\/index.php?rest_route=%2Fwp%2Fv2%2Ftags&post=2626"}],"curies":[{"name":"wp","href":"https:\/\/api.w.org\/{rel}","templated":true}]}}