{"id":2631,"date":"2014-08-26T08:22:23","date_gmt":"2014-08-26T08:22:23","guid":{"rendered":"http:\/\/peresabat.wordpress.com\/2014\/08\/26\/il%c2%b7legalitzeu-la-ja\/"},"modified":"2014-08-26T08:22:23","modified_gmt":"2014-08-26T08:22:23","slug":"il%c2%b7legalitzeu-la-ja","status":"publish","type":"post","link":"https:\/\/www.blocdelsabat.cat\/?p=2631","title":{"rendered":"Il\u00b7legalitzeu-la ja!"},"content":{"rendered":"<p>La paranoia de l\u2019estat espanyol i del seu entorn medi\u00e0tic est\u00e0 arribant a uns l\u00edmits realment insospitats. A partir dels editorials, els diaris m\u00e9s llegits i influents d\u2019Espanya \u2013ai El Pa\u00eds qui t\u2019ha vist i qui et veu!- han empr\u00e9s una campanya estramb\u00f2tica i fora de lloc contra l\u2019Assemblea Nacional Catalana titllant-la, amb m\u00e9s o menys subtilesa, de colpista i fins i tot instant a la seva il\u00b7legalitzaci\u00f3. La concepci\u00f3 espanyola sembla que \u00e9s incapa\u00e7 d\u2019entendre qu\u00e8 \u00e9s el que passa a Catalunya. M\u00e9s enll\u00e0 de l\u2019atropellament democr\u00e0tic que suposaria la clausura de l\u2019ANC, i que seria m\u00e9s perjudicial per l\u2019estat que per Catalunya, sembla que l\u2019estat considera que tancant les portes de l\u2019Assemblea, del president Mas o d\u2019ERC el proc\u00e9s cap a la independ\u00e8ncia s\u2019acaba. S\u00f3n incapa\u00e7os d\u2019entendre que \u00e9s un moviment de baix a dalt, que \u00e9s la gent qui estira. Ja poden amena\u00e7ar amb il\u00b7legalitzacions, que de moment a la gent no la poden pas il\u00b7legalitzar i precisament aquesta \u00e9s la nostra for\u00e7a. La gent. La voluntat d\u2019un poble, s\u00ed. I mentre el poble vulgui i segueixi estirant no hi haur\u00e0 amena\u00e7a ni il\u00b7legalitzaci\u00f3 que pari el cam\u00ed cap a la llibertat. I ara toca, en un moment tan decisiu per a Catalunya, tots hem de fer el pas endavant que convingui, per exemple fer-se soci de l\u2019ANC. I mentrestant, a Espanya es poden fer paelles per celebrar el 23F i com si res.<\/p>\n<p>\u00a0<\/p>\n<p>21 mar\u00e7 2014<\/p>\n","protected":false},"excerpt":{"rendered":"<p>La paranoia de l\u2019estat espanyol i del seu entorn medi\u00e0tic est\u00e0 arribant a uns l\u00edmits realment insospitats. A partir dels editorials, els diaris m\u00e9s llegits i influents d\u2019Espanya \u2013ai El Pa\u00eds qui t\u2019ha vist i qui et veu!- han empr\u00e9s una campanya estramb\u00f2tica i fora de lloc contra l\u2019Assemblea Nacional Catalana titllant-la, amb m\u00e9s o&#8230;<\/p>\n","protected":false},"author":2,"featured_media":0,"comment_status":"open","ping_status":"open","sticky":false,"template":"","format":"standard","meta":{"footnotes":""},"categories":[26],"tags":[],"class_list":["post-2631","post","type-post","status-publish","format-standard","hentry","category-uncategorized"],"_links":{"self":[{"href":"https:\/\/www.blocdelsabat.cat\/index.php?rest_route=\/wp\/v2\/posts\/2631","targetHints":{"allow":["GET"]}}],"collection":[{"href":"https:\/\/www.blocdelsabat.cat\/index.php?rest_route=\/wp\/v2\/posts"}],"about":[{"href":"https:\/\/www.blocdelsabat.cat\/index.php?rest_route=\/wp\/v2\/types\/post"}],"author":[{"embeddable":true,"href":"https:\/\/www.blocdelsabat.cat\/index.php?rest_route=\/wp\/v2\/users\/2"}],"replies":[{"embeddable":true,"href":"https:\/\/www.blocdelsabat.cat\/index.php?rest_route=%2Fwp%2Fv2%2Fcomments&post=2631"}],"version-history":[{"count":0,"href":"https:\/\/www.blocdelsabat.cat\/index.php?rest_route=\/wp\/v2\/posts\/2631\/revisions"}],"wp:attachment":[{"href":"https:\/\/www.blocdelsabat.cat\/index.php?rest_route=%2Fwp%2Fv2%2Fmedia&parent=2631"}],"wp:term":[{"taxonomy":"category","embeddable":true,"href":"https:\/\/www.blocdelsabat.cat\/index.php?rest_route=%2Fwp%2Fv2%2Fcategories&post=2631"},{"taxonomy":"post_tag","embeddable":true,"href":"https:\/\/www.blocdelsabat.cat\/index.php?rest_route=%2Fwp%2Fv2%2Ftags&post=2631"}],"curies":[{"name":"wp","href":"https:\/\/api.w.org\/{rel}","templated":true}]}}