{"id":2638,"date":"2014-08-26T08:35:28","date_gmt":"2014-08-26T08:35:28","guid":{"rendered":"http:\/\/peresabat.wordpress.com\/2014\/08\/26\/lapocalipsi-segons-fernandez-diaz\/"},"modified":"2014-08-26T08:35:28","modified_gmt":"2014-08-26T08:35:28","slug":"lapocalipsi-segons-fernandez-diaz","status":"publish","type":"post","link":"https:\/\/www.blocdelsabat.cat\/?p=2638","title":{"rendered":"L&#8217;apocalipsi segons Fern\u00e0ndez Diaz"},"content":{"rendered":"<p>Un cau de terrorisme i crim organitzat. Aquest \u00e9s el futur que ens espera si es que cometem la insensatesa de votar S\u00edS\u00ed el proper 9N B\u00e9, \u00e9s el futur que ens desitja el ministre de l\u2019interior. \u00c9s curi\u00f3s que l\u2019estrat\u00e8gia de l\u2019unionisme sigui la combinaci\u00f3 de desitjar-nos tots els mals possibles si marxem i per l\u2019altra anar-nos reduint i esmicolant el minso autogovern que ens queda&#8230; Per\u00f2 prescindint de les estrat\u00e8gies de les ments grises de La Moncloa, resulta sorprenent que Fern\u00e0ndez Diaz digui que ens convertirem en un cau de terrorisme i crim organitzat&#8230; quan en part ja ho som, som l\u2019autopista de la droga a Europa, i el responsable de qu\u00e8 ho siguem \u00e9s&#8230; taxan&#8230; s\u00ed el govern espanyol i el ministeri de l\u2019Interior que oh! sorpresa! dirigeix el mateix Fernandez Diaz. Per\u00f2 resulta que la nostra seguretat milloraria for\u00e7a en cas d\u2019independ\u00e8ncia, primer perqu\u00e8 cap estat del m\u00f3n occidental ens deixar\u00e0 tirats per possibilitar que els desitjos del ministre siguin realitat, i en segon lloc perqu\u00e8 ara la nostra policia est\u00e0 vetada als organismes internacionals per l\u2019estat espanyol. Aix\u00ed, tot i tenir pres\u00e8ncia territorial, la Generalitat no t\u00e9 la informaci\u00f3 ni relaci\u00f3 amb organismes internacionals com Europol o Interpol. Aix\u00ed que ministre, menys elucubrar futurs obscurs, i m\u00e9s treballar. Per cert, ha trobat ja els autors dels informes falsos contra Mas?<\/p>\n<p>27 juny 2014<\/p>\n","protected":false},"excerpt":{"rendered":"<p>Un cau de terrorisme i crim organitzat. Aquest \u00e9s el futur que ens espera si es que cometem la insensatesa de votar S\u00edS\u00ed el proper 9N B\u00e9, \u00e9s el futur que ens desitja el ministre de l\u2019interior. \u00c9s curi\u00f3s que l\u2019estrat\u00e8gia de l\u2019unionisme sigui la combinaci\u00f3 de desitjar-nos tots els mals possibles si marxem i&#8230;<\/p>\n","protected":false},"author":2,"featured_media":0,"comment_status":"open","ping_status":"open","sticky":false,"template":"","format":"standard","meta":{"footnotes":""},"categories":[26],"tags":[],"class_list":["post-2638","post","type-post","status-publish","format-standard","hentry","category-uncategorized"],"_links":{"self":[{"href":"https:\/\/www.blocdelsabat.cat\/index.php?rest_route=\/wp\/v2\/posts\/2638","targetHints":{"allow":["GET"]}}],"collection":[{"href":"https:\/\/www.blocdelsabat.cat\/index.php?rest_route=\/wp\/v2\/posts"}],"about":[{"href":"https:\/\/www.blocdelsabat.cat\/index.php?rest_route=\/wp\/v2\/types\/post"}],"author":[{"embeddable":true,"href":"https:\/\/www.blocdelsabat.cat\/index.php?rest_route=\/wp\/v2\/users\/2"}],"replies":[{"embeddable":true,"href":"https:\/\/www.blocdelsabat.cat\/index.php?rest_route=%2Fwp%2Fv2%2Fcomments&post=2638"}],"version-history":[{"count":0,"href":"https:\/\/www.blocdelsabat.cat\/index.php?rest_route=\/wp\/v2\/posts\/2638\/revisions"}],"wp:attachment":[{"href":"https:\/\/www.blocdelsabat.cat\/index.php?rest_route=%2Fwp%2Fv2%2Fmedia&parent=2638"}],"wp:term":[{"taxonomy":"category","embeddable":true,"href":"https:\/\/www.blocdelsabat.cat\/index.php?rest_route=%2Fwp%2Fv2%2Fcategories&post=2638"},{"taxonomy":"post_tag","embeddable":true,"href":"https:\/\/www.blocdelsabat.cat\/index.php?rest_route=%2Fwp%2Fv2%2Ftags&post=2638"}],"curies":[{"name":"wp","href":"https:\/\/api.w.org\/{rel}","templated":true}]}}