{"id":2640,"date":"2014-08-26T08:40:42","date_gmt":"2014-08-26T08:40:42","guid":{"rendered":"http:\/\/peresabat.wordpress.com\/2014\/08\/26\/generacio-sisi\/"},"modified":"2014-08-26T08:40:42","modified_gmt":"2014-08-26T08:40:42","slug":"generacio-sisi","status":"publish","type":"post","link":"https:\/\/www.blocdelsabat.cat\/?p=2640","title":{"rendered":"Generaci\u00f3 #S\u00edS\u00ed"},"content":{"rendered":"<p>Des de fa uns anys abunden en els mitjans de comunicaci\u00f3 tot d\u2019articles titllant als joves com de generaci\u00f3 perduda o generaci\u00f3 ni-ni. A l\u2019anterior legislatura fins i tot el conseller Mena va fer una invitaci\u00f3 perqu\u00e8 anessin a Londres a servir caf\u00e8s. Sembla que s\u2019imposi la sensaci\u00f3 d\u2019una massa passota, sense ganes d\u2019implicar-se en el b\u00e9 col\u00b7lectiu ni en res m\u00e9s enll\u00e0 del seu m\u00f3n. \u00c9s cert que hi ha part de jovent aix\u00ed, per\u00f2 com sempre. A partir d\u2019aqu\u00ed es pot preferir mantenir clix\u00e9s prefixats i anar repetint aquesta can\u00e7\u00f3, o mirar qu\u00e8 fa el jovent que es mou, que participa, que col\u00b7labora i que penca per canviar les coses. I si ho fessin haguessin pogut anar a Montblanc el cap de setmana passat on m\u00e9s de 500 joves voluntaris van organitzar el festival politico-musical m\u00e9s important dels Pa\u00efsos Catalans i que va reunir m\u00e9s de 30.000 joves d\u2019arreu del pa\u00eds. Est\u00e0 b\u00e9 criticar el jovent quan cal, per\u00f2 quan fan coses extraordin\u00e0ries est\u00e0 be dir-les. I organitzar l\u2019Acampada Jove, i serveix el mateix pel Rebrot, \u00e9s una cosa extraordin\u00e0ria fruit del comprom\u00eds, de les ganes de fer coses i de lluitar per uns objectius. Les hores pr\u00e8vies de feina que es remunten mesos i mesos, l\u2019organitzaci\u00f3 dels militants, els voluntaris que treballen per tal que tot funcioni, els dies de muntatge del festival&#8230; i s\u00ed, tamb\u00e9 passant-ho b\u00e9 als concerts. Generaci\u00f3 perduda? Generaci\u00f3 ni-ni? Va home va!<\/p>\n<p>25 juliol 2014<\/p>\n","protected":false},"excerpt":{"rendered":"<p>Des de fa uns anys abunden en els mitjans de comunicaci\u00f3 tot d\u2019articles titllant als joves com de generaci\u00f3 perduda o generaci\u00f3 ni-ni. A l\u2019anterior legislatura fins i tot el conseller Mena va fer una invitaci\u00f3 perqu\u00e8 anessin a Londres a servir caf\u00e8s. Sembla que s\u2019imposi la sensaci\u00f3 d\u2019una massa passota, sense ganes d\u2019implicar-se en&#8230;<\/p>\n","protected":false},"author":2,"featured_media":0,"comment_status":"open","ping_status":"open","sticky":false,"template":"","format":"standard","meta":{"footnotes":""},"categories":[26],"tags":[],"class_list":["post-2640","post","type-post","status-publish","format-standard","hentry","category-uncategorized"],"_links":{"self":[{"href":"https:\/\/www.blocdelsabat.cat\/index.php?rest_route=\/wp\/v2\/posts\/2640","targetHints":{"allow":["GET"]}}],"collection":[{"href":"https:\/\/www.blocdelsabat.cat\/index.php?rest_route=\/wp\/v2\/posts"}],"about":[{"href":"https:\/\/www.blocdelsabat.cat\/index.php?rest_route=\/wp\/v2\/types\/post"}],"author":[{"embeddable":true,"href":"https:\/\/www.blocdelsabat.cat\/index.php?rest_route=\/wp\/v2\/users\/2"}],"replies":[{"embeddable":true,"href":"https:\/\/www.blocdelsabat.cat\/index.php?rest_route=%2Fwp%2Fv2%2Fcomments&post=2640"}],"version-history":[{"count":0,"href":"https:\/\/www.blocdelsabat.cat\/index.php?rest_route=\/wp\/v2\/posts\/2640\/revisions"}],"wp:attachment":[{"href":"https:\/\/www.blocdelsabat.cat\/index.php?rest_route=%2Fwp%2Fv2%2Fmedia&parent=2640"}],"wp:term":[{"taxonomy":"category","embeddable":true,"href":"https:\/\/www.blocdelsabat.cat\/index.php?rest_route=%2Fwp%2Fv2%2Fcategories&post=2640"},{"taxonomy":"post_tag","embeddable":true,"href":"https:\/\/www.blocdelsabat.cat\/index.php?rest_route=%2Fwp%2Fv2%2Ftags&post=2640"}],"curies":[{"name":"wp","href":"https:\/\/api.w.org\/{rel}","templated":true}]}}