{"id":265,"date":"2008-06-24T12:38:00","date_gmt":"2008-06-24T12:38:00","guid":{"rendered":"http:\/\/peresabat.wordpress.com\/2008\/06\/24\/sant-joan-diada-nacional"},"modified":"2008-06-24T12:38:00","modified_gmt":"2008-06-24T12:38:00","slug":"sant-joan-diada-nacional","status":"publish","type":"post","link":"https:\/\/www.blocdelsabat.cat\/?p=265","title":{"rendered":"Sant Joan. Diada Nacional"},"content":{"rendered":"<p><a href=\"http:\/\/peresabat.files.wordpress.com\/2008\/06\/santjoan1.jpg\"><img decoding=\"async\" alt=\"\" src=\"http:\/\/peresabat.files.wordpress.com\/2008\/06\/santjoan1.jpg?w=300\" border=\"0\" \/><\/a><\/p>\n<div align=\"justify\"><span style=\"font-family:arial;font-size:130%;\">Avui \u00e9s 24 de Juny, avui \u00e9s Sant Joan, per tant avui \u00e9s la Diada Nacional dels Pa\u00efsos Catalans. <\/span><\/div>\n<p><span style=\"font-family:arial;font-size:130%;\"><\/p>\n<div align=\"justify\">Avui \u00e9s la Diada Nacional d\u2019una naci\u00f3 adormida, d\u2019una naci\u00f3 que no te consci\u00e8ncia de ser-ne. Avui \u00e9s la Diada Nacional d\u2019una naci\u00f3 que t\u00e9 problemes a l\u2019hora de mostrar-se, que t\u00e9 problemes a l\u2019hora de reivindicar-se, que t\u00e9 problemes a l\u2019hora de parlar, que t\u00e9 problemes a l\u2019hora de sentir-se, avui \u00e9s la Diada Nacional d\u2019una naci\u00f3 amb molts problemes. <\/div>\n<div align=\"justify\">Els Pa\u00efsos Catalans es troben des de fa segles partits per totes les trifulgues frontereres que tant Espanya com Fran\u00e7a han estat capaces d\u2019articular, els Pa\u00efsos Catalans des de fa segles que pateixen un intent de genocidi cultural per part dels estats opressors que sembla que amb aquesta opressi\u00f3 recuperin el tremp perdut dels seus fallits i derrotats imperis. <\/div>\n<div align=\"justify\">Els Pa\u00efsos Catalans avui s\u00f3n una utopia, una gran utopia, segurament la m\u00e9s gran de totes. <\/div>\n<div align=\"justify\">Avui tant sols podem imaginar tot el que es podria articular entorn d\u2019uns Pa\u00efsos Catalans lliures i independents al si de la Uni\u00f3 Europea. Aquest estat podria ben ser la pot\u00e8ncia m\u00e9s forta de l\u2019arc mediterrani, aquest Estat dels Pa\u00efsos Catalans podria convertir-se en una pot\u00e8ncia regional capa\u00e7 de liderar el sud d\u2019Europa. <\/div>\n<div align=\"justify\">La potencialitat d\u2019aquest futur estat \u00e9s innegable. Ja sigui econ\u00f2micament, culturalment, esportivament, pol\u00edticament o tant sols fent \u00fas de geoestrat\u00e8gia, els Pa\u00efsos Catalans podrien convertir-se en un dels motors d\u2019Europa i ser un dels estats m\u00e9s avan\u00e7ats del m\u00f3n. <\/div>\n<div align=\"justify\">Avui per\u00f2, encara no podem celebrar plenament la Diada Nacional, avui encara no podem comen\u00e7ar a caminar cap a aquesta nova futura realitat. Primer s\u2019han de fer i refer moltes coses, la independ\u00e8ncia del principat, m\u00e9s pres\u00e8ncia de les forces democr\u00e0tiques i independentistes a les Illes i al Pa\u00eds Valenci\u00e0\u2026 Queda molt per fer, per\u00f2 si ho fem, si ho aconseguim, valdr\u00e0 la pena haver lluitat i haver resistit tants anys. <\/div>\n<div align=\"justify\">Mentrestant, seguirem gaudint d\u2019aquesta nit de foc, llums i colors, mentrestant seguirem gaudint d\u2019aquesta nit de revetlla, coca, cava i coets, mentrestant seguirem gaudint de d\u2019aquesta nit m\u00e0gica de Sant Joan, la nit de la Diada Nacional. <\/span><\/div>\n<div class=\"blogger-post-footer\"><img width='1' height='1' src='https:\/\/blogger.googleusercontent.com\/tracker\/2467933452740288616-8755468297142781822?l=peresabat.blogspot.com' alt='' \/><\/div>\n","protected":false},"excerpt":{"rendered":"<p>Avui \u00e9s 24 de Juny, avui \u00e9s Sant Joan, per tant avui \u00e9s la Diada Nacional dels Pa\u00efsos Catalans. Avui \u00e9s la Diada Nacional d\u2019una naci\u00f3 adormida, d\u2019una naci\u00f3 que no te consci\u00e8ncia de ser-ne. Avui \u00e9s la Diada Nacional d\u2019una naci\u00f3 que t\u00e9 problemes a l\u2019hora de mostrar-se, que t\u00e9 problemes a l\u2019hora de&#8230;<\/p>\n","protected":false},"author":2,"featured_media":0,"comment_status":"open","ping_status":"open","sticky":false,"template":"","format":"standard","meta":{"footnotes":""},"categories":[26],"tags":[],"class_list":["post-265","post","type-post","status-publish","format-standard","hentry","category-uncategorized"],"_links":{"self":[{"href":"https:\/\/www.blocdelsabat.cat\/index.php?rest_route=\/wp\/v2\/posts\/265","targetHints":{"allow":["GET"]}}],"collection":[{"href":"https:\/\/www.blocdelsabat.cat\/index.php?rest_route=\/wp\/v2\/posts"}],"about":[{"href":"https:\/\/www.blocdelsabat.cat\/index.php?rest_route=\/wp\/v2\/types\/post"}],"author":[{"embeddable":true,"href":"https:\/\/www.blocdelsabat.cat\/index.php?rest_route=\/wp\/v2\/users\/2"}],"replies":[{"embeddable":true,"href":"https:\/\/www.blocdelsabat.cat\/index.php?rest_route=%2Fwp%2Fv2%2Fcomments&post=265"}],"version-history":[{"count":0,"href":"https:\/\/www.blocdelsabat.cat\/index.php?rest_route=\/wp\/v2\/posts\/265\/revisions"}],"wp:attachment":[{"href":"https:\/\/www.blocdelsabat.cat\/index.php?rest_route=%2Fwp%2Fv2%2Fmedia&parent=265"}],"wp:term":[{"taxonomy":"category","embeddable":true,"href":"https:\/\/www.blocdelsabat.cat\/index.php?rest_route=%2Fwp%2Fv2%2Fcategories&post=265"},{"taxonomy":"post_tag","embeddable":true,"href":"https:\/\/www.blocdelsabat.cat\/index.php?rest_route=%2Fwp%2Fv2%2Ftags&post=265"}],"curies":[{"name":"wp","href":"https:\/\/api.w.org\/{rel}","templated":true}]}}