{"id":269,"date":"2008-06-25T19:13:00","date_gmt":"2008-06-25T19:13:00","guid":{"rendered":"http:\/\/peresabat.wordpress.com\/2008\/06\/25\/fem-sentir-la-nostra-veu"},"modified":"2008-06-25T19:13:00","modified_gmt":"2008-06-25T19:13:00","slug":"fem-sentir-la-nostra-veu","status":"publish","type":"post","link":"https:\/\/www.blocdelsabat.cat\/?p=269","title":{"rendered":"Fem sentir la nostra veu"},"content":{"rendered":"<p><a href=\"http:\/\/peresabat.files.wordpress.com\/2008\/06\/omnium1.jpg\"><img decoding=\"async\" alt=\"\" src=\"http:\/\/peresabat.files.wordpress.com\/2008\/06\/omnium1.jpg?w=212\" border=\"0\" \/><\/a><br \/><span style=\"font-family:arial;font-size:130%;\"><\/span><\/p>\n<div align=\"justify\"><span style=\"font-family:arial;font-size:130%;\"><\/span><\/div>\n<div align=\"justify\"><span style=\"font-family:arial;font-size:130%;\"><\/span><\/div>\n<div align=\"justify\"><span style=\"font-family:arial;font-size:130%;\"><\/span><\/div>\n<div align=\"justify\"><span style=\"font-family:arial;font-size:130%;\"><\/span><\/div>\n<div align=\"justify\"><span style=\"font-family:arial;font-size:130%;\"><\/span><\/div>\n<div align=\"justify\"><span style=\"font-family:arial;font-size:130%;\"><\/span><\/div>\n<div align=\"justify\"><span style=\"font-family:arial;font-size:130%;\"><\/span><\/div>\n<div align=\"justify\"><span style=\"font-family:arial;font-size:130%;\"><\/span><\/div>\n<div align=\"justify\"><span style=\"font-family:arial;font-size:130%;\"><\/span><\/div>\n<div align=\"justify\"><span style=\"font-family:arial;font-size:130%;\"><\/span><\/div>\n<div align=\"justify\"><span style=\"font-family:arial;font-size:130%;\"><\/span><\/div>\n<div align=\"justify\"><span style=\"font-family:arial;font-size:130%;\"><\/span><\/div>\n<div align=\"justify\"><span style=\"font-family:arial;font-size:130%;\"><\/span><\/div>\n<div align=\"justify\"><span style=\"font-family:arial;font-size:130%;\"><\/span><\/div>\n<div align=\"justify\"><span style=\"font-family:arial;font-size:130%;\"><\/span><\/div>\n<div align=\"justify\"><span style=\"font-family:arial;font-size:130%;\"><\/span><\/div>\n<div align=\"justify\"><span style=\"font-family:arial;font-size:130%;\"><\/span><\/div>\n<div align=\"justify\"><span style=\"font-family:arial;font-size:130%;\"><\/span><\/div>\n<div align=\"justify\"><span style=\"font-family:arial;font-size:130%;\"><\/span><\/div>\n<div align=\"justify\"><span style=\"font-family:arial;font-size:130%;\"><\/span><\/div>\n<div align=\"justify\"><span style=\"font-family:arial;font-size:130%;\">La societat catalana ja en t\u00e9 prou, ja no aguanta m\u00e9s, i quan aix\u00f2 passa la societat es mou. Davant de les agressions i dels incompliments per part d&#8217;Espanya cap a Catalunya i cap al futur dels catalans i catalanes, nom\u00e9s podem fer una cosa: Al\u00e7ar la veu. <\/span><\/div>\n<div><\/div>\n<div align=\"justify\"><span style=\"font-family:arial;font-size:130%;\">Per poder al\u00e7ar la veu, per\u00f2, calen plataformes on poder-ho fer. Avui t\u00e9 lloc al Teatre Nacional un acte d&#8217;uni\u00f3 ciutadana en defensa de la sobirania del poble catal\u00e0 i en contra de l&#8217;intervencionisme del Tribunal Constitucional espanyol. <\/span><\/div>\n<div><\/div>\n<div><\/div>\n<div><\/div>\n<div><\/div>\n<div align=\"justify\"><span style=\"font-family:arial;font-size:130%;\">Un altre acte essencial per la defensa de la sobirania nacional, ser\u00e0 l&#8217;Acampada Jove que \u00e9s l&#8217;altaveu m\u00e9s potent que t\u00e9 el jovent dem\u00f2crata i independentista per fer sentir la seva veu. <\/span><\/div>\n<p><\/p>\n<div align=\"justify\"><span style=\"font-family:arial;font-size:130%;\"><a href=\"http:\/\/peresabat.files.wordpress.com\/2008\/06\/acampadajove081.jpg\"><img decoding=\"async\" alt=\"\" src=\"http:\/\/peresabat.files.wordpress.com\/2008\/06\/acampadajove081.jpg?w=213\" border=\"0\" \/><\/a>                                                                     <\/span><\/div>\n<div align=\"justify\"><span style=\"font-family:arial;font-size:130%;\"><a href=\"http:\/\/peresabat.files.wordpress.com\/2008\/06\/acampadajove081.jpg\"><\/a><\/span> <\/div>\n<div align=\"justify\"><span style=\"font-family:arial;font-size:130%;\">L&#8217;Acampada Jove \u00e9s el lloc de trobada de milers de joves desacomplexats que volen viure la independ\u00e8ncia i que no volen esperar, l&#8217;Acampada Jove significa llibertat i esperan\u00e7a, esperan\u00e7a per viure un futur millor, un futur per viure la independ\u00e8ncia. <\/span><\/div>\n<div><\/div>\n<div align=\"justify\"><span style=\"font-family:arial;font-size:130%;\">Avui al Teatre Nacional, i al Juliol a l&#8217;Acampada Jove, fem sentir la nostra veu alta i clara, com un sol home: El que el poble de Catalunya aprova, ning\u00fa t\u00e9 dret a retallar-ho!<\/span><\/div>\n<div align=\"justify\"><\/div>\n<div align=\"justify\"><\/div>\n<div class=\"blogger-post-footer\"><img width='1' height='1' src='https:\/\/blogger.googleusercontent.com\/tracker\/2467933452740288616-7919219557964660548?l=peresabat.blogspot.com' alt='' \/><\/div>\n","protected":false},"excerpt":{"rendered":"<p>La societat catalana ja en t\u00e9 prou, ja no aguanta m\u00e9s, i quan aix\u00f2 passa la societat es mou. Davant de les agressions i dels incompliments per part d&#8217;Espanya cap a Catalunya i cap al futur dels catalans i catalanes, nom\u00e9s podem fer una cosa: Al\u00e7ar la veu. Per poder al\u00e7ar la veu, per\u00f2, calen&#8230;<\/p>\n","protected":false},"author":2,"featured_media":0,"comment_status":"open","ping_status":"open","sticky":false,"template":"","format":"standard","meta":{"footnotes":""},"categories":[26],"tags":[],"class_list":["post-269","post","type-post","status-publish","format-standard","hentry","category-uncategorized"],"_links":{"self":[{"href":"https:\/\/www.blocdelsabat.cat\/index.php?rest_route=\/wp\/v2\/posts\/269","targetHints":{"allow":["GET"]}}],"collection":[{"href":"https:\/\/www.blocdelsabat.cat\/index.php?rest_route=\/wp\/v2\/posts"}],"about":[{"href":"https:\/\/www.blocdelsabat.cat\/index.php?rest_route=\/wp\/v2\/types\/post"}],"author":[{"embeddable":true,"href":"https:\/\/www.blocdelsabat.cat\/index.php?rest_route=\/wp\/v2\/users\/2"}],"replies":[{"embeddable":true,"href":"https:\/\/www.blocdelsabat.cat\/index.php?rest_route=%2Fwp%2Fv2%2Fcomments&post=269"}],"version-history":[{"count":0,"href":"https:\/\/www.blocdelsabat.cat\/index.php?rest_route=\/wp\/v2\/posts\/269\/revisions"}],"wp:attachment":[{"href":"https:\/\/www.blocdelsabat.cat\/index.php?rest_route=%2Fwp%2Fv2%2Fmedia&parent=269"}],"wp:term":[{"taxonomy":"category","embeddable":true,"href":"https:\/\/www.blocdelsabat.cat\/index.php?rest_route=%2Fwp%2Fv2%2Fcategories&post=269"},{"taxonomy":"post_tag","embeddable":true,"href":"https:\/\/www.blocdelsabat.cat\/index.php?rest_route=%2Fwp%2Fv2%2Ftags&post=269"}],"curies":[{"name":"wp","href":"https:\/\/api.w.org\/{rel}","templated":true}]}}