{"id":2705,"date":"2015-07-12T19:55:22","date_gmt":"2015-07-12T19:55:22","guid":{"rendered":"https:\/\/peresabat.wordpress.com\/?p=2705"},"modified":"2015-07-12T19:55:22","modified_gmt":"2015-07-12T19:55:22","slug":"gracies-carme","status":"publish","type":"post","link":"https:\/\/www.blocdelsabat.cat\/?p=2705","title":{"rendered":"Gr\u00e0cies Carme"},"content":{"rendered":"<p>Doncs s\u00ed, toca donar les gr\u00e0cies. A vegades cometem l\u2019error de no dir les coses que toquen, potser perqu\u00e8 les donem per segures, que enteses o per evidents. Per\u00f2 no per aix\u00f2 s\u2019ha de deixar de dir. Divendres passat davant un Palau Sant Jordi ple a vessar la Carme Forcadell feia el seu \u00faltim gran acte com a presidenta de l\u2019Assemblea Nacional. I hi ha m\u00faltiples causes per donar-li les gr\u00e0cies. Per posar sempre la democr\u00e0cia per davant i com a valor suprem. Per assegurar que el relat de la independ\u00e8ncia \u00e9s indestriable a l\u2019aven\u00e7 social del poble, i no basat en essencialismes unitaris. Per saber comandar una nau immensa com \u00e9s l\u2019ANC i per extensi\u00f3 del sobiranisme civil, sortejant tots els intents de desestabilitzaci\u00f3. Gr\u00e0cies tamb\u00e9 per fer de balan\u00e7a quan el cam\u00ed semblava desdibuixar-se. Malgrat la duresa de les seves expressions i de la seva orat\u00f2ria, Forcadell ha sabut fer una entitat que ha arribat a sectors on l\u2019independentisme no era majoritari amb un discurs inclusiu i deslligat de l\u2019etnicisme nacionalista. I aquest \u00e9s el cam\u00ed. Esperem que el seu lideratge no es perdi. El proc\u00e9s compta amb la sort d\u2019un lideratge femen\u00ed potent com \u00e9s el de Forcadell i Muriel Casals, dues dones al capdavant de les entitats civils. Elles han demostrat que una forma diferent de liderar \u00e9s possible, i marquen la direcci\u00f3 a seguir. Dones liderant, potser d\u2019aqu\u00ed poc a Vilafranca tamb\u00e9&#8230; Gr\u00e0cies Carme.<\/p>\n<p>Article publicat al 3 de vuit 30-4-2015<\/p>\n","protected":false},"excerpt":{"rendered":"<p>Doncs s\u00ed, toca donar les gr\u00e0cies. A vegades cometem l\u2019error de no dir les coses que toquen, potser perqu\u00e8 les donem per segures, que enteses o per evidents. Per\u00f2 no per aix\u00f2 s\u2019ha de deixar de dir. Divendres passat davant un Palau Sant Jordi ple a vessar la Carme Forcadell feia el seu \u00faltim gran&#8230;<\/p>\n","protected":false},"author":2,"featured_media":0,"comment_status":"open","ping_status":"open","sticky":false,"template":"","format":"standard","meta":{"footnotes":""},"categories":[26],"tags":[],"class_list":["post-2705","post","type-post","status-publish","format-standard","hentry","category-uncategorized"],"_links":{"self":[{"href":"https:\/\/www.blocdelsabat.cat\/index.php?rest_route=\/wp\/v2\/posts\/2705","targetHints":{"allow":["GET"]}}],"collection":[{"href":"https:\/\/www.blocdelsabat.cat\/index.php?rest_route=\/wp\/v2\/posts"}],"about":[{"href":"https:\/\/www.blocdelsabat.cat\/index.php?rest_route=\/wp\/v2\/types\/post"}],"author":[{"embeddable":true,"href":"https:\/\/www.blocdelsabat.cat\/index.php?rest_route=\/wp\/v2\/users\/2"}],"replies":[{"embeddable":true,"href":"https:\/\/www.blocdelsabat.cat\/index.php?rest_route=%2Fwp%2Fv2%2Fcomments&post=2705"}],"version-history":[{"count":0,"href":"https:\/\/www.blocdelsabat.cat\/index.php?rest_route=\/wp\/v2\/posts\/2705\/revisions"}],"wp:attachment":[{"href":"https:\/\/www.blocdelsabat.cat\/index.php?rest_route=%2Fwp%2Fv2%2Fmedia&parent=2705"}],"wp:term":[{"taxonomy":"category","embeddable":true,"href":"https:\/\/www.blocdelsabat.cat\/index.php?rest_route=%2Fwp%2Fv2%2Fcategories&post=2705"},{"taxonomy":"post_tag","embeddable":true,"href":"https:\/\/www.blocdelsabat.cat\/index.php?rest_route=%2Fwp%2Fv2%2Ftags&post=2705"}],"curies":[{"name":"wp","href":"https:\/\/api.w.org\/{rel}","templated":true}]}}