{"id":2707,"date":"2015-07-12T19:57:40","date_gmt":"2015-07-12T19:57:40","guid":{"rendered":"https:\/\/peresabat.wordpress.com\/?p=2707"},"modified":"2015-07-12T19:57:40","modified_gmt":"2015-07-12T19:57:40","slug":"una-questio-a-tenir-en-compte","status":"publish","type":"post","link":"https:\/\/www.blocdelsabat.cat\/?p=2707","title":{"rendered":"Una q\u00fcesti\u00f3 a tenir en compte"},"content":{"rendered":"<p><a href=\"https:\/\/peresabat.files.wordpress.com\/2015\/07\/bosch.jpg\"><img loading=\"lazy\" decoding=\"async\" class=\"alignleft size-medium wp-image-2708\" src=\"https:\/\/peresabat.files.wordpress.com\/2015\/07\/bosch.jpg?w=300\" alt=\"bosch\" width=\"300\" height=\"225\" \/><\/a>\u201cEst\u00e0 a favor que Barcelona es converteixi en capital de l\u2019estat catal\u00e0?\u201d. Aquesta pregunta la va formular l\u2019Alfred Bosch durant el debat de candidats de la capital del pa\u00eds que es va fer als mitjans p\u00fablics. Lamentablement, cap, repeteixo: cap candidat va respondre. Van canviar de tema. Potser no els hi interessa. No \u00e9s d\u2019estranyar que el PSC, el PP o Ciutadans ho ignorin ni tampoc que el marem\u00e0gnum del Com\u00fa faci com si plogu\u00e9s. Per\u00f2 sobta que CIU no s\u2019hi sum\u00e9s. Com tamb\u00e9 sobta que Trias firm\u00e9s un comprom\u00eds amb l\u2019ANC aigualit i fet a mida o que a les llistes convergents hi hagi candidats obertament contraris a la independ\u00e8ncia. Cert. Aquestes eleccions s\u00f3n municipals, es podria dir com fan els candidats de CIU que el tema nacional \u201cara no toca\u201d. I en part tenen ra\u00f3, el 24 de maig tracta d\u2019escollir els millors equips i projectes pels nostres pobles i viles. Per\u00f2 vivim en un context que \u00e9s indestriable a aquest fet i no se\u2019n pot prescindir. Els propers 4 anys caldr\u00e0 prendre decisions dif\u00edcils i caldr\u00e0 tenir representants que no es facin enrere. Cal tenir la seguretat que aquells que han estat escollits sota l\u2019etiqueta d\u2019independentistes exerciran com a tal. El proc\u00e9s no es pot permetre tenir petits Duran-Lleida\u2019s pel territori. Cal un ferm comprom\u00eds amb els pobles i el pa\u00eds. D\u2019aix\u00f2 va el 24 de maig i aix\u00ed es llegiran els resultats.<\/p>\n<p>Article publicat al 3 de vuit 15-5-2015<\/p>\n","protected":false},"excerpt":{"rendered":"<p>\u201cEst\u00e0 a favor que Barcelona es converteixi en capital de l\u2019estat catal\u00e0?\u201d. Aquesta pregunta la va formular l\u2019Alfred Bosch durant el debat de candidats de la capital del pa\u00eds que es va fer als mitjans p\u00fablics. Lamentablement, cap, repeteixo: cap candidat va respondre. Van canviar de tema. Potser no els hi interessa. No \u00e9s d\u2019estranyar&#8230;<\/p>\n","protected":false},"author":2,"featured_media":0,"comment_status":"open","ping_status":"open","sticky":false,"template":"","format":"standard","meta":{"footnotes":""},"categories":[26],"tags":[],"class_list":["post-2707","post","type-post","status-publish","format-standard","hentry","category-uncategorized"],"_links":{"self":[{"href":"https:\/\/www.blocdelsabat.cat\/index.php?rest_route=\/wp\/v2\/posts\/2707","targetHints":{"allow":["GET"]}}],"collection":[{"href":"https:\/\/www.blocdelsabat.cat\/index.php?rest_route=\/wp\/v2\/posts"}],"about":[{"href":"https:\/\/www.blocdelsabat.cat\/index.php?rest_route=\/wp\/v2\/types\/post"}],"author":[{"embeddable":true,"href":"https:\/\/www.blocdelsabat.cat\/index.php?rest_route=\/wp\/v2\/users\/2"}],"replies":[{"embeddable":true,"href":"https:\/\/www.blocdelsabat.cat\/index.php?rest_route=%2Fwp%2Fv2%2Fcomments&post=2707"}],"version-history":[{"count":0,"href":"https:\/\/www.blocdelsabat.cat\/index.php?rest_route=\/wp\/v2\/posts\/2707\/revisions"}],"wp:attachment":[{"href":"https:\/\/www.blocdelsabat.cat\/index.php?rest_route=%2Fwp%2Fv2%2Fmedia&parent=2707"}],"wp:term":[{"taxonomy":"category","embeddable":true,"href":"https:\/\/www.blocdelsabat.cat\/index.php?rest_route=%2Fwp%2Fv2%2Fcategories&post=2707"},{"taxonomy":"post_tag","embeddable":true,"href":"https:\/\/www.blocdelsabat.cat\/index.php?rest_route=%2Fwp%2Fv2%2Ftags&post=2707"}],"curies":[{"name":"wp","href":"https:\/\/api.w.org\/{rel}","templated":true}]}}