{"id":2712,"date":"2015-07-12T20:04:19","date_gmt":"2015-07-12T20:04:19","guid":{"rendered":"https:\/\/peresabat.wordpress.com\/?p=2712"},"modified":"2015-07-12T20:04:19","modified_gmt":"2015-07-12T20:04:19","slug":"alba-iniesta-neymar","status":"publish","type":"post","link":"https:\/\/www.blocdelsabat.cat\/?p=2712","title":{"rendered":"Alba-Iniesta-Neymar"},"content":{"rendered":"<p><a href=\"https:\/\/peresabat.files.wordpress.com\/2015\/07\/neymar.jpg\"><img loading=\"lazy\" decoding=\"async\" class=\"alignleft size-medium wp-image-2713\" src=\"https:\/\/peresabat.files.wordpress.com\/2015\/07\/neymar.jpg?w=300\" alt=\"neymar\" width=\"300\" height=\"169\" \/><\/a>Passades les municipals i encara avui amb mig pa\u00eds acordant pactes, no a Vilafranca on es perpetua el pacte sociouniovergent, el seg\u00fcent pas cap a la independ\u00e8ncia ja \u00e9s el 27 de setembre. I tot est\u00e0 obert. Qu\u00e8 passar\u00e0 amb el partit de Duran i Lleida? Mas sacrificar\u00e0 CIU per fer una llista personal? L\u2019esquerra alternativa de Podemos pactar\u00e0 amb la dita esquerra alternativa d\u2019ICV? Es far\u00e0 un pol alternatiu? Quin paper hi jugaran ERC i la CUP? Sembla clar que el centredreta estar\u00e0 m\u00e9s que representant per la llista personalista de Mas prescindint de les sigles de CIU, passi el que passi amb el resultat de la pregunta clara i concisa d\u2019Uni\u00f3 d\u2019aquest diumenge. La independ\u00e8ncia, i m\u00e9s veient els resultats del 24M, es guanyar\u00e0 per l\u2019esquerra. S\u2019ha de falcar tota l\u2019esquerra al proc\u00e9s. Aqu\u00ed \u00e9s on cal que els partits independentistes hi posin l\u2019atenci\u00f3, la independ\u00e8ncia \u00e9s l\u2019eina per canviar un sistema que no agrada i que no respon a les necessitats de la gent. Anem a un proc\u00e9s constituent. Des de l\u2019esquerra socialdem\u00f2crata d\u2019ERC fins a l\u2019esquerra alternativa que pot representar Barcelona en Com\u00fa cal que tota sumi pel proc\u00e9s. Des de punts de partida diferents, amb els matisos que es vulgui, per\u00f2 compartint el cam\u00ed cap a la construcci\u00f3 d\u2019un projecte constituent del nou pa\u00eds. \u00c9s per la banda esquerra on cal atacar per guanyar la final del 27S.<\/p>\n<p>Article publicat al 3 de vuit 12-6-2015<\/p>\n","protected":false},"excerpt":{"rendered":"<p>Passades les municipals i encara avui amb mig pa\u00eds acordant pactes, no a Vilafranca on es perpetua el pacte sociouniovergent, el seg\u00fcent pas cap a la independ\u00e8ncia ja \u00e9s el 27 de setembre. I tot est\u00e0 obert. Qu\u00e8 passar\u00e0 amb el partit de Duran i Lleida? Mas sacrificar\u00e0 CIU per fer una llista personal? L\u2019esquerra&#8230;<\/p>\n","protected":false},"author":2,"featured_media":0,"comment_status":"open","ping_status":"open","sticky":false,"template":"","format":"standard","meta":{"footnotes":""},"categories":[26],"tags":[],"class_list":["post-2712","post","type-post","status-publish","format-standard","hentry","category-uncategorized"],"_links":{"self":[{"href":"https:\/\/www.blocdelsabat.cat\/index.php?rest_route=\/wp\/v2\/posts\/2712","targetHints":{"allow":["GET"]}}],"collection":[{"href":"https:\/\/www.blocdelsabat.cat\/index.php?rest_route=\/wp\/v2\/posts"}],"about":[{"href":"https:\/\/www.blocdelsabat.cat\/index.php?rest_route=\/wp\/v2\/types\/post"}],"author":[{"embeddable":true,"href":"https:\/\/www.blocdelsabat.cat\/index.php?rest_route=\/wp\/v2\/users\/2"}],"replies":[{"embeddable":true,"href":"https:\/\/www.blocdelsabat.cat\/index.php?rest_route=%2Fwp%2Fv2%2Fcomments&post=2712"}],"version-history":[{"count":0,"href":"https:\/\/www.blocdelsabat.cat\/index.php?rest_route=\/wp\/v2\/posts\/2712\/revisions"}],"wp:attachment":[{"href":"https:\/\/www.blocdelsabat.cat\/index.php?rest_route=%2Fwp%2Fv2%2Fmedia&parent=2712"}],"wp:term":[{"taxonomy":"category","embeddable":true,"href":"https:\/\/www.blocdelsabat.cat\/index.php?rest_route=%2Fwp%2Fv2%2Fcategories&post=2712"},{"taxonomy":"post_tag","embeddable":true,"href":"https:\/\/www.blocdelsabat.cat\/index.php?rest_route=%2Fwp%2Fv2%2Ftags&post=2712"}],"curies":[{"name":"wp","href":"https:\/\/api.w.org\/{rel}","templated":true}]}}