{"id":2715,"date":"2015-07-12T20:07:55","date_gmt":"2015-07-12T20:07:55","guid":{"rendered":"https:\/\/peresabat.wordpress.com\/?p=2715"},"modified":"2015-07-12T20:07:55","modified_gmt":"2015-07-12T20:07:55","slug":"mas-es-necessari","status":"publish","type":"post","link":"https:\/\/www.blocdelsabat.cat\/?p=2715","title":{"rendered":"Mas \u00e9s necessari"},"content":{"rendered":"<p><a href=\"https:\/\/peresabat.files.wordpress.com\/2015\/07\/mas.jpg\"><img loading=\"lazy\" decoding=\"async\" class=\"alignleft size-medium wp-image-2717\" src=\"https:\/\/peresabat.files.wordpress.com\/2015\/07\/mas.jpg?w=300\" alt=\"mas\" width=\"300\" height=\"151\" \/><\/a>El 27 de setembre s\u2019acosta i el moviment independentista enlloc de fer el que li tocaria fer que \u00e9s anar a conv\u00e8ncer m\u00e9s i m\u00e9s gent que nom\u00e9s amb un estat catal\u00e0 es podr\u00e0 construir un pa\u00eds que valgui la pena, s\u2019est\u00e0 esbatussant i perdent el temps amb l\u2019en\u00e8sim intent de fer una llista \u00fanica. No importa que s\u2019hagu\u00e9s firmat un acord entre les principals organitzacions sobiranistes i CDC i ERC. No importa que les entitats haguessin dit que el debat de la llista \u00fanica estava tancat. Res d\u2019aix\u00f2 ha importat perqu\u00e8 de nou i a 90 dies de les eleccions Mas hagi tornat a posar sobre la taula el punt de fricci\u00f3 intern de l\u2019independentisme. La pretensi\u00f3 de fer la llista \u00fanica \u00e9s un menyspreu cap a les altres opcions ideol\u00f2giques que comparteixen objectiu final. Mas \u00e9s necessari per assegurar que el centre dreta aposti sense fissures cap a la independ\u00e8ncia. De la mateixa manera que l\u2019entorn de la CUP \u00e9s imprescindible perqu\u00e8 l\u2019esquerra alternativa o radical no es deixi il\u00b7luminar per cants de sirena est\u00e8tics de Podemos. I tamb\u00e9 \u00e9s b\u00e0sic l\u2019espai d\u2019ERC no supeditat a ning\u00fa que arrossegui tot l\u2019espai de la socialdemocr\u00e0cia fins l\u2019esquerra transformadora. Si els espais es complementen i fan feina en els seus \u00e0mbits la vict\u00f2ria al 27S pot ser abassegadora. I cal que cadascun d\u2019ells es respecti m\u00fatuament. Mas \u00e9s necessari. Els altres tamb\u00e9.<\/p>\n<p>Article publicat al 3 de vuit 26-6-2015<\/p>\n","protected":false},"excerpt":{"rendered":"<p>El 27 de setembre s\u2019acosta i el moviment independentista enlloc de fer el que li tocaria fer que \u00e9s anar a conv\u00e8ncer m\u00e9s i m\u00e9s gent que nom\u00e9s amb un estat catal\u00e0 es podr\u00e0 construir un pa\u00eds que valgui la pena, s\u2019est\u00e0 esbatussant i perdent el temps amb l\u2019en\u00e8sim intent de fer una llista \u00fanica&#8230;.<\/p>\n","protected":false},"author":2,"featured_media":0,"comment_status":"open","ping_status":"open","sticky":false,"template":"","format":"standard","meta":{"footnotes":""},"categories":[26],"tags":[],"class_list":["post-2715","post","type-post","status-publish","format-standard","hentry","category-uncategorized"],"_links":{"self":[{"href":"https:\/\/www.blocdelsabat.cat\/index.php?rest_route=\/wp\/v2\/posts\/2715","targetHints":{"allow":["GET"]}}],"collection":[{"href":"https:\/\/www.blocdelsabat.cat\/index.php?rest_route=\/wp\/v2\/posts"}],"about":[{"href":"https:\/\/www.blocdelsabat.cat\/index.php?rest_route=\/wp\/v2\/types\/post"}],"author":[{"embeddable":true,"href":"https:\/\/www.blocdelsabat.cat\/index.php?rest_route=\/wp\/v2\/users\/2"}],"replies":[{"embeddable":true,"href":"https:\/\/www.blocdelsabat.cat\/index.php?rest_route=%2Fwp%2Fv2%2Fcomments&post=2715"}],"version-history":[{"count":0,"href":"https:\/\/www.blocdelsabat.cat\/index.php?rest_route=\/wp\/v2\/posts\/2715\/revisions"}],"wp:attachment":[{"href":"https:\/\/www.blocdelsabat.cat\/index.php?rest_route=%2Fwp%2Fv2%2Fmedia&parent=2715"}],"wp:term":[{"taxonomy":"category","embeddable":true,"href":"https:\/\/www.blocdelsabat.cat\/index.php?rest_route=%2Fwp%2Fv2%2Fcategories&post=2715"},{"taxonomy":"post_tag","embeddable":true,"href":"https:\/\/www.blocdelsabat.cat\/index.php?rest_route=%2Fwp%2Fv2%2Ftags&post=2715"}],"curies":[{"name":"wp","href":"https:\/\/api.w.org\/{rel}","templated":true}]}}