{"id":2719,"date":"2015-07-12T20:09:26","date_gmt":"2015-07-12T20:09:26","guid":{"rendered":"https:\/\/peresabat.wordpress.com\/?p=2719"},"modified":"2015-07-12T20:09:26","modified_gmt":"2015-07-12T20:09:26","slug":"estan-bojos-aquests-catalans","status":"publish","type":"post","link":"https:\/\/www.blocdelsabat.cat\/?p=2719","title":{"rendered":"Estan bojos aquests catalans"},"content":{"rendered":"<p><a href=\"https:\/\/peresabat.files.wordpress.com\/2015\/07\/obelix.jpg\"><img loading=\"lazy\" decoding=\"async\" class=\"alignleft size-medium wp-image-2720\" src=\"https:\/\/peresabat.files.wordpress.com\/2015\/07\/obelix.jpg?w=300\" alt=\"obelix\" width=\"300\" height=\"300\" \/><\/a>Manllevant una de les t\u00edpiques frases de l\u2019\u00d2b\u00e8lix, no seria estrany que qui segueixi l\u2019actualitat catalana pugui acabar exclamant-se en aquests termes. Portem quasi vuit mesos parlant de \u2018llistes\u2019, de com presentar-se, de qui pot presentar-se, de si els independents nom\u00e9s poden anar a la llista de l\u2019Honorable i de tot de coses poc rellevants. Poc rellevants en contraposici\u00f3 a all\u00f2 rellevant: la independ\u00e8ncia. L\u2019\u00faltima p\u00edndola \u00e9s la que es prefigura com a soluci\u00f3 definit\u00f2ria, la llista civil sense pol\u00edtics amb el mandat de fer la independ\u00e8ncia i que t\u00e9 el suport de les entitats sobiranistes i de l\u2019esquerra independentista. Ara falta CDC i l\u2019Honorable. Es podria afirmar doncs f\u00e0cilment: estan bojos aquests catalans. Per\u00f2 per qu\u00e8 es fa tot aix\u00f2? Per qu\u00e8 tantes i tantes energies, debats i tensions? Doncs perqu\u00e8 cal votar, perqu\u00e8 cal saber si la ciutadania de Catalunya vol o no vol la independ\u00e8ncia, i l\u2019\u00fanica forma que queda \u00e9s fer unes eleccions excepcionals, diferents com mai s\u2019havien fet. L\u2019estat espanyol ha impedit i impedir\u00e0 que es celebri un refer\u00e8ndum per la independ\u00e8ncia com ha fet Esc\u00f2cia. L\u2019estat ha boicotejat qualsevol formula perqu\u00e8 els catalans puguin anar a les urnes per decidir el seu futur. Davant d\u2019aquesta actitud demof\u00f2bica i antidemocr\u00e0tica calen respostes excepcionals. Perqu\u00e8 al final els bojos, s\u00f3n ells.<\/p>\n<p>Article publicat al 3 de vuit 10-7-2015<\/p>\n","protected":false},"excerpt":{"rendered":"<p>Manllevant una de les t\u00edpiques frases de l\u2019\u00d2b\u00e8lix, no seria estrany que qui segueixi l\u2019actualitat catalana pugui acabar exclamant-se en aquests termes. Portem quasi vuit mesos parlant de \u2018llistes\u2019, de com presentar-se, de qui pot presentar-se, de si els independents nom\u00e9s poden anar a la llista de l\u2019Honorable i de tot de coses poc rellevants&#8230;.<\/p>\n","protected":false},"author":2,"featured_media":0,"comment_status":"open","ping_status":"open","sticky":false,"template":"","format":"standard","meta":{"footnotes":""},"categories":[26],"tags":[],"class_list":["post-2719","post","type-post","status-publish","format-standard","hentry","category-uncategorized"],"_links":{"self":[{"href":"https:\/\/www.blocdelsabat.cat\/index.php?rest_route=\/wp\/v2\/posts\/2719","targetHints":{"allow":["GET"]}}],"collection":[{"href":"https:\/\/www.blocdelsabat.cat\/index.php?rest_route=\/wp\/v2\/posts"}],"about":[{"href":"https:\/\/www.blocdelsabat.cat\/index.php?rest_route=\/wp\/v2\/types\/post"}],"author":[{"embeddable":true,"href":"https:\/\/www.blocdelsabat.cat\/index.php?rest_route=\/wp\/v2\/users\/2"}],"replies":[{"embeddable":true,"href":"https:\/\/www.blocdelsabat.cat\/index.php?rest_route=%2Fwp%2Fv2%2Fcomments&post=2719"}],"version-history":[{"count":0,"href":"https:\/\/www.blocdelsabat.cat\/index.php?rest_route=\/wp\/v2\/posts\/2719\/revisions"}],"wp:attachment":[{"href":"https:\/\/www.blocdelsabat.cat\/index.php?rest_route=%2Fwp%2Fv2%2Fmedia&parent=2719"}],"wp:term":[{"taxonomy":"category","embeddable":true,"href":"https:\/\/www.blocdelsabat.cat\/index.php?rest_route=%2Fwp%2Fv2%2Fcategories&post=2719"},{"taxonomy":"post_tag","embeddable":true,"href":"https:\/\/www.blocdelsabat.cat\/index.php?rest_route=%2Fwp%2Fv2%2Ftags&post=2719"}],"curies":[{"name":"wp","href":"https:\/\/api.w.org\/{rel}","templated":true}]}}