{"id":2722,"date":"2015-07-24T11:30:11","date_gmt":"2015-07-24T11:30:11","guid":{"rendered":"https:\/\/peresabat.wordpress.com\/?p=2722"},"modified":"2015-07-24T11:30:11","modified_gmt":"2015-07-24T11:30:11","slug":"i-tant-que-podrem-ara-no","status":"publish","type":"post","link":"https:\/\/www.blocdelsabat.cat\/?p=2722","title":{"rendered":"I tant que podrem! Ara no."},"content":{"rendered":"<p><a href=\"https:\/\/peresabat.files.wordpress.com\/2015\/07\/cat_pot.jpg\"><img loading=\"lazy\" decoding=\"async\" class=\"alignleft size-medium wp-image-2723\" src=\"https:\/\/peresabat.files.wordpress.com\/2015\/07\/cat_pot.jpg?w=300\" alt=\"cat_pot\" width=\"300\" height=\"169\" \/><\/a>ICV en la seva proposta d\u2019augmentar ingressos per minimitzar les retallades apostava per: impost als dip\u00f2sits bancaris, impost a les centrals nuclears i per combatre el frau fiscal. Fant\u00e0stic. En aquesta legislatura que s\u2019acaba la majoria parlamentaria de Catalunya ha aprovat els dos impostos, per\u00f2 oh sorpresa, el govern espanyol els ha portat al Tribunal Constitucional i els han anul\u00b7lat. Catalunya no pot. De la mateixa manera que no pot legislar contra el frau fiscal perqu\u00e8 dep\u00e8n de l\u2019estat. Repeteixo, Catalunya no pot. Davant d\u2019aquest fet, l\u2019estat impossibilita dur a terme pol\u00edtiques progressistes, seria de tota l\u00f2gica que ICV opt\u00e9s per canviar les coses, per canviar el sistema per fer precisament que Catalunya pugui legislar i decidir mesures com aquestes. Seria de l\u00f2gica. Per\u00f2 fa tot just el contrari. ICV ha decidit apostar pel projecte de reforma constitucional espanyola, de la m\u00e0 de Podemos un partit que ha dit que si Catalunya proclama la independ\u00e8ncia l\u2019enviar\u00e0 als Tribunals. Per acabar, tothom \u00e9s lliure de com malgastar el seu temps, per\u00f2 per reformar la constituci\u00f3 es necessiten 3\/5 parts del Congr\u00e9s espanyol, \u00e9s a dir que PP i PSOE s\u00f3n imprescindibles. Ens podria dir Podemos-ICV com reformaran la constituci\u00f3 i com Catalunya en sortir\u00e0 beneficiada per, entre d\u2019altres, poder legislar sobre impostos a la banca, a les nuclears i combatre el frau fiscal?<\/p>\n<p>Article publicat al 24-5-2015 a El 3 de Vuit<\/p>\n","protected":false},"excerpt":{"rendered":"<p>ICV en la seva proposta d\u2019augmentar ingressos per minimitzar les retallades apostava per: impost als dip\u00f2sits bancaris, impost a les centrals nuclears i per combatre el frau fiscal. Fant\u00e0stic. En aquesta legislatura que s\u2019acaba la majoria parlamentaria de Catalunya ha aprovat els dos impostos, per\u00f2 oh sorpresa, el govern espanyol els ha portat al Tribunal&#8230;<\/p>\n","protected":false},"author":2,"featured_media":0,"comment_status":"open","ping_status":"open","sticky":false,"template":"","format":"standard","meta":{"footnotes":""},"categories":[26],"tags":[],"class_list":["post-2722","post","type-post","status-publish","format-standard","hentry","category-uncategorized"],"_links":{"self":[{"href":"https:\/\/www.blocdelsabat.cat\/index.php?rest_route=\/wp\/v2\/posts\/2722","targetHints":{"allow":["GET"]}}],"collection":[{"href":"https:\/\/www.blocdelsabat.cat\/index.php?rest_route=\/wp\/v2\/posts"}],"about":[{"href":"https:\/\/www.blocdelsabat.cat\/index.php?rest_route=\/wp\/v2\/types\/post"}],"author":[{"embeddable":true,"href":"https:\/\/www.blocdelsabat.cat\/index.php?rest_route=\/wp\/v2\/users\/2"}],"replies":[{"embeddable":true,"href":"https:\/\/www.blocdelsabat.cat\/index.php?rest_route=%2Fwp%2Fv2%2Fcomments&post=2722"}],"version-history":[{"count":0,"href":"https:\/\/www.blocdelsabat.cat\/index.php?rest_route=\/wp\/v2\/posts\/2722\/revisions"}],"wp:attachment":[{"href":"https:\/\/www.blocdelsabat.cat\/index.php?rest_route=%2Fwp%2Fv2%2Fmedia&parent=2722"}],"wp:term":[{"taxonomy":"category","embeddable":true,"href":"https:\/\/www.blocdelsabat.cat\/index.php?rest_route=%2Fwp%2Fv2%2Fcategories&post=2722"},{"taxonomy":"post_tag","embeddable":true,"href":"https:\/\/www.blocdelsabat.cat\/index.php?rest_route=%2Fwp%2Fv2%2Ftags&post=2722"}],"curies":[{"name":"wp","href":"https:\/\/api.w.org\/{rel}","templated":true}]}}