{"id":2730,"date":"2015-10-02T08:42:46","date_gmt":"2015-10-02T08:42:46","guid":{"rendered":"https:\/\/peresabat.wordpress.com\/?p=2730"},"modified":"2015-10-02T08:42:46","modified_gmt":"2015-10-02T08:42:46","slug":"ja-nhi-ha-prou-felipe","status":"publish","type":"post","link":"https:\/\/www.blocdelsabat.cat\/?p=2730","title":{"rendered":"Ja n&#8217;hi ha prou Felipe!"},"content":{"rendered":"<p><a href=\"https:\/\/peresabat.files.wordpress.com\/2015\/10\/felipe.jpg\"><img loading=\"lazy\" decoding=\"async\" class=\"alignleft size-medium wp-image-2731\" src=\"https:\/\/peresabat.files.wordpress.com\/2015\/10\/felipe.jpg?w=300\" alt=\"felipe\" width=\"300\" height=\"225\" \/><\/a>El proper 15 d\u2019octubre commemorarem el 75\u00e8 aniversari de l\u2019assassinat del President Companys. Aquest \u00e9s un dels episodis m\u00e9s nefastos de la col\u00b7laboraci\u00f3 entre r\u00e8gims feixistes de principis de segle passat. Companys \u00e9s l\u2019\u00fanic president elegit democr\u00e0ticament a Europa assassinat pel feixisme. A Companys l\u2019assassina l\u2019estat espanyol per\u00f2 gr\u00e0cies a la col\u00b7laboraci\u00f3 del R\u00e8gim nazi de Hitler. Resulta curi\u00f3s que 75 anys despr\u00e9s encara \u00e9s hora que l\u2019estat espanyol demani perd\u00f3 per l\u2019assassinat del president de tots els catalans i declari nul la farsa del seu judici. No ho ha fet ni el successor de Franco, el Rei Joan Carles, ni cap dels presidents del govern espanyol escollits democr\u00e0ticament. Ni Su\u00e1rez, ni Aznar, ni Zapatero, ni Rajoy. Ni Gonzalez. Ni Gonzalez. Ell que es dedica a insultar, menysprear, a tergiversar i a embrutar el moviment social, pac\u00edfic, democr\u00e0tic i popular m\u00e9s important d\u2019Europa, l\u2019independentisme, va i s\u2019atreveix a comparar-lo amb el feixisme i el nazisme. Aquest estiu he visitat un camp de concentraci\u00f3 a Alemanya on van assassinar milers i milers de persones. Senyor Gonzalez, sincerament, les seves paraules fan f\u00e0stic. I m\u00e9s venint d\u2019alg\u00fa que ha callat, per exemple, davant els atacs de l\u2019extrema dreta a la delegaci\u00f3 de la Generalitat a Madrid la Diada passada. Ell que va fer el que va fer amb els GAL. Ell. Ja n\u2019hi ha prou Felipe.<\/p>\n<p>Article publicat el 4 de setembre del 2015<\/p>\n","protected":false},"excerpt":{"rendered":"<p>El proper 15 d\u2019octubre commemorarem el 75\u00e8 aniversari de l\u2019assassinat del President Companys. Aquest \u00e9s un dels episodis m\u00e9s nefastos de la col\u00b7laboraci\u00f3 entre r\u00e8gims feixistes de principis de segle passat. Companys \u00e9s l\u2019\u00fanic president elegit democr\u00e0ticament a Europa assassinat pel feixisme. A Companys l\u2019assassina l\u2019estat espanyol per\u00f2 gr\u00e0cies a la col\u00b7laboraci\u00f3 del R\u00e8gim nazi&#8230;<\/p>\n","protected":false},"author":2,"featured_media":0,"comment_status":"open","ping_status":"open","sticky":false,"template":"","format":"standard","meta":{"footnotes":""},"categories":[26],"tags":[],"class_list":["post-2730","post","type-post","status-publish","format-standard","hentry","category-uncategorized"],"_links":{"self":[{"href":"https:\/\/www.blocdelsabat.cat\/index.php?rest_route=\/wp\/v2\/posts\/2730","targetHints":{"allow":["GET"]}}],"collection":[{"href":"https:\/\/www.blocdelsabat.cat\/index.php?rest_route=\/wp\/v2\/posts"}],"about":[{"href":"https:\/\/www.blocdelsabat.cat\/index.php?rest_route=\/wp\/v2\/types\/post"}],"author":[{"embeddable":true,"href":"https:\/\/www.blocdelsabat.cat\/index.php?rest_route=\/wp\/v2\/users\/2"}],"replies":[{"embeddable":true,"href":"https:\/\/www.blocdelsabat.cat\/index.php?rest_route=%2Fwp%2Fv2%2Fcomments&post=2730"}],"version-history":[{"count":0,"href":"https:\/\/www.blocdelsabat.cat\/index.php?rest_route=\/wp\/v2\/posts\/2730\/revisions"}],"wp:attachment":[{"href":"https:\/\/www.blocdelsabat.cat\/index.php?rest_route=%2Fwp%2Fv2%2Fmedia&parent=2730"}],"wp:term":[{"taxonomy":"category","embeddable":true,"href":"https:\/\/www.blocdelsabat.cat\/index.php?rest_route=%2Fwp%2Fv2%2Fcategories&post=2730"},{"taxonomy":"post_tag","embeddable":true,"href":"https:\/\/www.blocdelsabat.cat\/index.php?rest_route=%2Fwp%2Fv2%2Ftags&post=2730"}],"curies":[{"name":"wp","href":"https:\/\/api.w.org\/{rel}","templated":true}]}}