{"id":2749,"date":"2015-11-13T11:01:37","date_gmt":"2015-11-13T11:01:37","guid":{"rendered":"https:\/\/peresabat.wordpress.com\/?p=2749"},"modified":"2015-11-13T11:01:37","modified_gmt":"2015-11-13T11:01:37","slug":"despres-del-20d","status":"publish","type":"post","link":"https:\/\/www.blocdelsabat.cat\/?p=2749","title":{"rendered":"Despr\u00e9s del 20D"},"content":{"rendered":"<p><a href=\"https:\/\/peresabat.files.wordpress.com\/2015\/11\/coscu.jpg\"><img loading=\"lazy\" decoding=\"async\" class=\"alignleft size-full wp-image-2750\" src=\"https:\/\/peresabat.files.wordpress.com\/2015\/11\/coscu.jpg\" alt=\"Coscu\" width=\"260\" height=\"252\" \/><\/a>Dilluns al Parlament 72 diputats van votar a favor d\u2019iniciar el cam\u00ed cap a la Rep\u00fablica, i 63 ho van fer en contra. D\u2019entre aquests 63, 11 eren de Catalunya S\u00ed que Es Pot. La seva posici\u00f3 contraria no \u00e9s comparable a la del bloc del b\u00fanquer de PPSC\u2019S. Malgrat l\u2019incomprensible \u2018no\u2019 a totes les propostes socials que anaven incloses a la resoluci\u00f3, els de Rabell van votar no i defensar, de nou, la celebraci\u00f3 d\u2019un refer\u00e8ndum. Diuen que ara amb les eleccions espanyoles del 20D a l\u2019estat hi haur\u00e0 \u2018aliats\u2019 que si guanyen faran realitat un refer\u00e8ndum a l\u2019escocesa. Malgrat que la l\u00f2gica m\u00e9s elemental porta a considerar per fracassada aquesta via ja que les enquestes m\u00e9s optimistes deixen per sota dels 70 diputats a Podemos i a menys de 10 Unidad Popular, i que a m\u00e9s per fer-se realitat necessitaria una reforma constitucional on s\u2019hi haurien de sumar PP, C\u2019s i PSOE, \u00e9s coherent amb el que ha defensat sempre ICV. Ara b\u00e9, si al 20D les forces que defensen el refer\u00e8ndum pactat no sumen o no s\u00f3n majoria seria d\u2019esperar que davant l\u2019en\u00e8sim tancament de portes del Congr\u00e9s espanyol, els diputats de Catalunya Si que Es Pot se sumin al proc\u00e9s constituent que haur\u00e0 engegat el Parlament per construir la Rep\u00fablica. Si no, el seu no en nom del refer\u00e8ndum ser\u00e0 nom\u00e9s una cortina de fum igual que el no del PSC en nom d\u2019un federalisme que ja no enganya a ning\u00fa.<\/p>\n","protected":false},"excerpt":{"rendered":"<p>Dilluns al Parlament 72 diputats van votar a favor d\u2019iniciar el cam\u00ed cap a la Rep\u00fablica, i 63 ho van fer en contra. D\u2019entre aquests 63, 11 eren de Catalunya S\u00ed que Es Pot. La seva posici\u00f3 contraria no \u00e9s comparable a la del bloc del b\u00fanquer de PPSC\u2019S. Malgrat l\u2019incomprensible \u2018no\u2019 a totes les&#8230;<\/p>\n","protected":false},"author":2,"featured_media":0,"comment_status":"open","ping_status":"open","sticky":false,"template":"","format":"standard","meta":{"footnotes":""},"categories":[26],"tags":[],"class_list":["post-2749","post","type-post","status-publish","format-standard","hentry","category-uncategorized"],"_links":{"self":[{"href":"https:\/\/www.blocdelsabat.cat\/index.php?rest_route=\/wp\/v2\/posts\/2749","targetHints":{"allow":["GET"]}}],"collection":[{"href":"https:\/\/www.blocdelsabat.cat\/index.php?rest_route=\/wp\/v2\/posts"}],"about":[{"href":"https:\/\/www.blocdelsabat.cat\/index.php?rest_route=\/wp\/v2\/types\/post"}],"author":[{"embeddable":true,"href":"https:\/\/www.blocdelsabat.cat\/index.php?rest_route=\/wp\/v2\/users\/2"}],"replies":[{"embeddable":true,"href":"https:\/\/www.blocdelsabat.cat\/index.php?rest_route=%2Fwp%2Fv2%2Fcomments&post=2749"}],"version-history":[{"count":0,"href":"https:\/\/www.blocdelsabat.cat\/index.php?rest_route=\/wp\/v2\/posts\/2749\/revisions"}],"wp:attachment":[{"href":"https:\/\/www.blocdelsabat.cat\/index.php?rest_route=%2Fwp%2Fv2%2Fmedia&parent=2749"}],"wp:term":[{"taxonomy":"category","embeddable":true,"href":"https:\/\/www.blocdelsabat.cat\/index.php?rest_route=%2Fwp%2Fv2%2Fcategories&post=2749"},{"taxonomy":"post_tag","embeddable":true,"href":"https:\/\/www.blocdelsabat.cat\/index.php?rest_route=%2Fwp%2Fv2%2Ftags&post=2749"}],"curies":[{"name":"wp","href":"https:\/\/api.w.org\/{rel}","templated":true}]}}