{"id":28,"date":"2008-02-03T11:30:00","date_gmt":"2008-02-03T11:30:00","guid":{"rendered":"http:\/\/peresabat.wordpress.com\/2008\/02\/03\/el-personatge-de-la-setmana-john-edwards"},"modified":"2008-02-03T11:30:00","modified_gmt":"2008-02-03T11:30:00","slug":"el-personatge-de-la-setmana-john-edwards","status":"publish","type":"post","link":"https:\/\/www.blocdelsabat.cat\/?p=28","title":{"rendered":"El personatge de la setmana: John Edwards"},"content":{"rendered":"<p><a href=\"http:\/\/peresabat.files.wordpress.com\/2008\/02\/johnedwards1.jpg\"><img decoding=\"async\" alt=\"\" src=\"http:\/\/peresabat.files.wordpress.com\/2008\/02\/johnedwards1.jpg?w=209\" border=\"0\" \/><\/a><\/p>\n<div align=\"justify\"><span style=\"font-family:arial;font-size:130%;\">A partir d\u2019avui cada diumenge no escriur\u00e9 un post normal. A partir d\u2019avui als diumenges escriur\u00e9 sobre un presonatge que durant la setmana hagi estat protagonista en algun sentit, ja sigui pel que ha dit, pel que ha fet, pel que li han dit\u2026.<\/span><\/div>\n<p><span style=\"font-family:arial;font-size:130%;\"><\/p>\n<div align=\"justify\">El personatge d\u2019aquesta setmana \u00e9s John Edwards ex-precandidat dem\u00f2crata a la Presid\u00e8ncia dels Estats Units.<\/div>\n<p><\/p>\n<div align=\"justify\">Aquesta campanya era la segona d\u2019Edwards, ja que al 2004 va participar en la cursa dem\u00f2crata per disputar a Gerorge Bush la Presid\u00e8ncia, per\u00f2 la nominaci\u00f3 al final va ser per un altre John, va ser per John Kerry. En aquella campanya Edwards va ser el candidat del sud, fet que el va portar a fer t\u00e0ndem electoral amb Kerry al novembre del 2004. En la campanya del 2008 per\u00f2, Edwrads ha volgut ser el candidat dels pobres, dels m\u00e9s desfavorits, sense comptar que aquests ja tenien el seu candidat, m\u00e9s ben dit, la seva candidata. Edwards va plantejar la seva campanya com un combat entre dos, ell i Hillary Clinton, per\u00f2 un nou jugador, amb millors cartes que ell s\u2019ha interposat en el seu cam\u00ed. Si s\u2019analitzen els resultats de les prim\u00e0ries en qu\u00e8 Edwards va participar es pot comprovar que qui m\u00e9s suport li ha donat, s\u00f3n presisament els democrates m\u00e9s adinerats, tot i que tamb\u00e9 en aquest sagment de l\u2019electorat Edwards s\u2019ha trobat amb un candidat molt m\u00e9s fort que ell, Barack Obama. Per tant no \u00e9s d\u2019estranyar que aquest candidat al dimercres passat pos\u00e9s fi a la seva segona aventura per arribar a la Casa Blanca, Edwards s\u2019ha trobat sense electorat, o si m\u00e9s no amb un electorat molt reduit.<br \/>El llegat que deixa Edwards per\u00f2 no \u00e9s pot menystenir. Edwards deixa la lluita pels m\u00e9s deafavorits com un pilar central per les prim\u00e0ries i tamb\u00e9 per les presidencials en el b\u00e0ndol dem\u00f2crata. Tant Hillary Clinton com tamb\u00e9 Barack Obama s\u2019han comprom\u00e9s a seguir defensant-ho.<\/div>\n<p><\/p>\n<div align=\"justify\"><\/div>\n<p><\/span><\/p>\n<div align=\"justify\"><span style=\"font-family:arial;font-size:130%;\">Edwards es retira, per\u00f2 com es deia dijous en un mitj\u00e0, queden les conviccions i els principis.<\/span><\/div>\n<div class=\"blogger-post-footer\"><img width='1' height='1' src='https:\/\/blogger.googleusercontent.com\/tracker\/2467933452740288616-8327633212736739718?l=peresabat.blogspot.com' alt='' \/><\/div>\n","protected":false},"excerpt":{"rendered":"<p>A partir d\u2019avui cada diumenge no escriur\u00e9 un post normal. A partir d\u2019avui als diumenges escriur\u00e9 sobre un presonatge que durant la setmana hagi estat protagonista en algun sentit, ja sigui pel que ha dit, pel que ha fet, pel que li han dit\u2026. El personatge d\u2019aquesta setmana \u00e9s John Edwards ex-precandidat dem\u00f2crata a la&#8230;<\/p>\n","protected":false},"author":2,"featured_media":0,"comment_status":"open","ping_status":"open","sticky":false,"template":"","format":"standard","meta":{"footnotes":""},"categories":[26],"tags":[],"class_list":["post-28","post","type-post","status-publish","format-standard","hentry","category-uncategorized"],"_links":{"self":[{"href":"https:\/\/www.blocdelsabat.cat\/index.php?rest_route=\/wp\/v2\/posts\/28","targetHints":{"allow":["GET"]}}],"collection":[{"href":"https:\/\/www.blocdelsabat.cat\/index.php?rest_route=\/wp\/v2\/posts"}],"about":[{"href":"https:\/\/www.blocdelsabat.cat\/index.php?rest_route=\/wp\/v2\/types\/post"}],"author":[{"embeddable":true,"href":"https:\/\/www.blocdelsabat.cat\/index.php?rest_route=\/wp\/v2\/users\/2"}],"replies":[{"embeddable":true,"href":"https:\/\/www.blocdelsabat.cat\/index.php?rest_route=%2Fwp%2Fv2%2Fcomments&post=28"}],"version-history":[{"count":0,"href":"https:\/\/www.blocdelsabat.cat\/index.php?rest_route=\/wp\/v2\/posts\/28\/revisions"}],"wp:attachment":[{"href":"https:\/\/www.blocdelsabat.cat\/index.php?rest_route=%2Fwp%2Fv2%2Fmedia&parent=28"}],"wp:term":[{"taxonomy":"category","embeddable":true,"href":"https:\/\/www.blocdelsabat.cat\/index.php?rest_route=%2Fwp%2Fv2%2Fcategories&post=28"},{"taxonomy":"post_tag","embeddable":true,"href":"https:\/\/www.blocdelsabat.cat\/index.php?rest_route=%2Fwp%2Fv2%2Ftags&post=28"}],"curies":[{"name":"wp","href":"https:\/\/api.w.org\/{rel}","templated":true}]}}