{"id":2806,"date":"2016-04-04T09:29:58","date_gmt":"2016-04-04T09:29:58","guid":{"rendered":"https:\/\/peresabat.wordpress.com\/?p=2806"},"modified":"2016-04-04T09:29:58","modified_gmt":"2016-04-04T09:29:58","slug":"la-questio-no-es-el-referendum","status":"publish","type":"post","link":"https:\/\/www.blocdelsabat.cat\/?p=2806","title":{"rendered":"La q\u00fcesti\u00f3 no \u00e9s el refer\u00e8ndum"},"content":{"rendered":"<p><img loading=\"lazy\" decoding=\"async\" class=\"  wp-image-2808 alignleft\" src=\"https:\/\/peresabat.files.wordpress.com\/2016\/04\/domen_iglesias.jpg\" alt=\"domen_iglesias\" width=\"444\" height=\"250\" \/>Des del 20 de desembre i la vict\u00f2ria d\u2019En Com\u00fa Podem, sembla que la pol\u00edtica catalana, almenys llegint la premsa, ha tornat a girar-se cap al refer\u00e8ndum. Sens dubte \u00e9s un gran \u00e8xit de En Com\u00fa Podem.<\/p>\n<p>Ara b\u00e9, el refer\u00e8ndum mai ha deixat de ser l\u2019eix de la pol\u00edtica catalana, no hi ha cap dirigent independentista que hagi dit que no vulgui el refer\u00e8ndum. Ni un. De fet en el full de ruta del govern hi ha previst un refer\u00e8ndum. I doncs, com pot tornar una cosa que no ha marxat mai? Potser quan es refereix en \u201ctornar\u201d la premsa es basa en els discursos pol\u00edtics predominants. I s\u00ed, aix\u00ed \u00e9s. Per\u00f2 llavors l\u2019\u00e8xit ja no seria d\u2019En Com\u00fa Podem, sin\u00f3 de l\u2019statu quo, de les forces immobilistes, de les que volen que res canvi\u00ef, o que canvi\u00ef tot perqu\u00e8 tot segueixi igual.<\/p>\n<p>La difer\u00e8ncia entre En Com\u00fa Podem i els independentistes no \u00e9s el refer\u00e8ndum, \u00e9s qu\u00e8 fer quan l\u2019estat diu que no. El refer\u00e8ndum el volen tots. La clau per\u00f2 \u00e9s la reacci\u00f3. En Com\u00fa Podem prefereix esperar -10 anys? 30?- perqu\u00e8 hi hagi una majoria espanyola que el faci possible. Els independentistes aposten per un proc\u00e9s constituent no subordinat a res m\u00e9s que a la voluntat de la ciutadania.<\/p>\n<p>Refer\u00e8ndum? I tant! Per\u00f2 que no ens prenguin el p\u00e8l!<\/p>\n<p>Article publicat a El 3 de vuit (1 d&#8217;abril del 2016)<\/p>\n","protected":false},"excerpt":{"rendered":"<p>Des del 20 de desembre i la vict\u00f2ria d\u2019En Com\u00fa Podem, sembla que la pol\u00edtica catalana, almenys llegint la premsa, ha tornat a girar-se cap al refer\u00e8ndum. Sens dubte \u00e9s un gran \u00e8xit de En Com\u00fa Podem. Ara b\u00e9, el refer\u00e8ndum mai ha deixat de ser l\u2019eix de la pol\u00edtica catalana, no hi ha cap&#8230;<\/p>\n","protected":false},"author":2,"featured_media":0,"comment_status":"open","ping_status":"open","sticky":false,"template":"","format":"standard","meta":{"footnotes":""},"categories":[26],"tags":[],"class_list":["post-2806","post","type-post","status-publish","format-standard","hentry","category-uncategorized"],"_links":{"self":[{"href":"https:\/\/www.blocdelsabat.cat\/index.php?rest_route=\/wp\/v2\/posts\/2806","targetHints":{"allow":["GET"]}}],"collection":[{"href":"https:\/\/www.blocdelsabat.cat\/index.php?rest_route=\/wp\/v2\/posts"}],"about":[{"href":"https:\/\/www.blocdelsabat.cat\/index.php?rest_route=\/wp\/v2\/types\/post"}],"author":[{"embeddable":true,"href":"https:\/\/www.blocdelsabat.cat\/index.php?rest_route=\/wp\/v2\/users\/2"}],"replies":[{"embeddable":true,"href":"https:\/\/www.blocdelsabat.cat\/index.php?rest_route=%2Fwp%2Fv2%2Fcomments&post=2806"}],"version-history":[{"count":0,"href":"https:\/\/www.blocdelsabat.cat\/index.php?rest_route=\/wp\/v2\/posts\/2806\/revisions"}],"wp:attachment":[{"href":"https:\/\/www.blocdelsabat.cat\/index.php?rest_route=%2Fwp%2Fv2%2Fmedia&parent=2806"}],"wp:term":[{"taxonomy":"category","embeddable":true,"href":"https:\/\/www.blocdelsabat.cat\/index.php?rest_route=%2Fwp%2Fv2%2Fcategories&post=2806"},{"taxonomy":"post_tag","embeddable":true,"href":"https:\/\/www.blocdelsabat.cat\/index.php?rest_route=%2Fwp%2Fv2%2Ftags&post=2806"}],"curies":[{"name":"wp","href":"https:\/\/api.w.org\/{rel}","templated":true}]}}