{"id":284,"date":"2008-07-03T17:11:00","date_gmt":"2008-07-03T17:11:00","guid":{"rendered":"http:\/\/peresabat.wordpress.com\/2008\/07\/03\/corbates-esperant-la-llengua"},"modified":"2008-07-03T17:11:00","modified_gmt":"2008-07-03T17:11:00","slug":"corbates-esperant-la-llengua","status":"publish","type":"post","link":"https:\/\/www.blocdelsabat.cat\/?p=284","title":{"rendered":"Corbates esperant la llengua"},"content":{"rendered":"<div style=\"text-align:justify;\"><a href=\"http:\/\/bp0.blogger.com\/_kjTqSD8ASz4\/SG0Il0KijHI\/AAAAAAAAAVM\/z2rv4AeD0Yk\/s1600-h\/ministro_Defensa_Jose_Bono.jpg\"><img decoding=\"async\" alt=\"\" src=\"http:\/\/bp0.blogger.com\/_kjTqSD8ASz4\/SG0Il0KijHI\/AAAAAAAAAVM\/z2rv4AeD0Yk\/s200\/ministro_Defensa_Jose_Bono.jpg\" border=\"0\" \/><\/a><span lang=\"CA\" style=\"font-family:arial;font-size:130%;\"><br \/>Quan Zapatero va imposar a Bono com a President del Congr\u00e9s espanyol, se sabia que el fill de falangista no s\u2019estaria quit i que enbolicaria la troca. Sembla per\u00f2, que de moment no per els temes que es preveien.<\/span><\/div>\n<div style=\"font-family:arial;text-align:justify;\"><\/div>\n<p class=\"MsoBodyText\" style=\"text-align:justify;font-family:arial;\"><span lang=\"CA\" style=\"font-family:arial;font-size:130%;\">Bono va arribar a la presid\u00e8ncia del Congr\u00e9s espanyol nom\u00e9s amb els vots del seu partit, el PSOE, b\u00e9 tamb\u00e9 va tenir els del PSC. Tenir els vots de nom\u00e9s el propi partit \u00e9s senyal de qu\u00e8 no tots els grups confiaven en la capacitat de Bono per dirigir el Congr\u00e9s, m\u00e9s enll\u00e0 de les l\u00f2giques precaucions dels partits catalans envers un nacionalista, i quasi tamb\u00e9 cat\u00f2lic, espanyol com l\u2019ex-president manxec. <\/span><\/p>\n<div style=\"font-family:arial;text-align:justify;\"><span style=\"font-family:arial;\"><\/span><\/div>\n<p class=\"MsoNormal\" style=\"text-align:justify;font-family:arial;\"><span lang=\"CA\" style=\"font-family:arial;font-size:130%;\">Bono ja ha intervingut amb pol\u00e8mica al Congr\u00e9s, per\u00f2 no ha estat per un impediment a algun diputat d\u2019Esquerra (que s\u00f3n els \u00fanics que ho fan) per parlar en catal\u00e0, sin\u00f3 perqu\u00e8 el ministre Sebasti\u00e1n no portava corbata. <\/span><\/p>\n<div style=\"font-family:arial;text-align:justify;\"><span style=\"font-family:arial;\"><\/span><\/div>\n<p class=\"MsoNormal\" style=\"text-align:justify;font-family:arial;\"><span lang=\"CA\" style=\"font-size:130%;\"><span style=\"font-family:arial;\">Aquest fet ha generat tot d\u2019opinions entorn de que si un ministre ha de portaro<span style=\"font-size:0;\"> <\/span>no corbata a l\u2019hora de fer la seva feina. De casos similars, es podria perlar de l\u2019ex conseller primer del Govern catal\u00e0, Josep Bargall\u00f3, que mai es va posar cap corbata en l\u2019exercici del seu c\u00e0rrec, o en el cas contrari, quan Joan Puigcerc\u00f3s va demanar a tots els treballadors de la Consellaria de Governaci\u00f3 que vestissin amb corbata. <\/span><\/span><\/p>\n<div style=\"font-family:arial;text-align:justify;\"><span style=\"font-family:arial;\"><\/span><\/div>\n<p class=\"MsoNormal\" style=\"text-align:justify;font-family:arial;\"><span lang=\"CA\" style=\"font-family:arial;font-size:130%;\">En primer lloc, considero que vestir o no vestir corbasta no fa la cosa. No perqu\u00e8 el senyor Rodriguez Zapatero vagui amb corbata em caur\u00e0 millor o ser\u00e0 menys mentider i demagog o no per no dur-ne el President del Llull, Bargall\u00f3, ho far\u00e0 millor o pitjor. Un cop dit aix\u00f2, la veritat \u00e9s que en dep\u00e8n quin lloc o acte, s\u00ed que crec convenient portar corbata. <\/span><\/p>\n<div style=\"font-family:arial;text-align:justify;\"><span style=\"font-family:arial;\"><\/span><\/div>\n<p class=\"MsoNormal\" style=\"text-align:justify;font-family:arial;\"><span lang=\"CA\" style=\"font-size:130%;\"><span style=\"font-family:arial;\">Quan un mandatari t\u00e9 una cimera amb el dirigent d\u2019un altre estat, crec que \u00e9s natural que vesteixi de manera elegat i correcte, per tant, a l\u2019altura de les circumst\u00e0ncies. \u00c9s l\u00f2gic doncs que es porti corbata. I qui diu cimera diu intervenci\u00f3 a una reuni\u00f3 al Consell Europeu o al de la Uni\u00f3<span style=\"font-size:0;\"> <\/span>o a l\u2019Assemblea de les Nacions Unides<\/span>. <\/span><\/p>\n<div style=\"font-family:arial;text-align:justify;\"><\/div>\n<p class=\"MsoNormal\" style=\"text-align:justify;font-family:arial;\"><span lang=\"CA\" style=\"font-size:130%;\"><span style=\"font-family:arial;\">Ara b\u00e9, quan es va a un Ple al Congr\u00e9s tampoc \u00e9s tant necessari o trascendental haver de portar incrostat al coll la corbata. Per tant, considero que Sebasti\u00e1n estava en el seu dret d\u2019anar sense corbata al Ple del Congr\u00e9s, i aquest fet, no hauria de molestar a ning\u00fa.<\/span> <\/span><\/p>\n<div style=\"font-family:arial;text-align:justify;\"><\/div>\n<p class=\"MsoNormal\" style=\"text-align:justify;\"><span lang=\"CA\"><span style=\"font-size:130%;\"><span style=\"font-family:arial;\">Ara nom\u00e9s falta esperar per quan el fill de feixista ens deleitar\u00e0 amb les seves esbroncades als diputats d\u2019Esquerra per parlar en catal\u00e0.<\/span><\/span> <\/span><\/p>\n<div class=\"blogger-post-footer\"><img width='1' height='1' src='https:\/\/blogger.googleusercontent.com\/tracker\/2467933452740288616-3157811008658714884?l=peresabat.blogspot.com' alt='' \/><\/div>\n","protected":false},"excerpt":{"rendered":"<p>Quan Zapatero va imposar a Bono com a President del Congr\u00e9s espanyol, se sabia que el fill de falangista no s\u2019estaria quit i que enbolicaria la troca. Sembla per\u00f2, que de moment no per els temes que es preveien. Bono va arribar a la presid\u00e8ncia del Congr\u00e9s espanyol nom\u00e9s amb els vots del seu partit,&#8230;<\/p>\n","protected":false},"author":2,"featured_media":0,"comment_status":"open","ping_status":"open","sticky":false,"template":"","format":"standard","meta":{"footnotes":""},"categories":[26],"tags":[],"class_list":["post-284","post","type-post","status-publish","format-standard","hentry","category-uncategorized"],"_links":{"self":[{"href":"https:\/\/www.blocdelsabat.cat\/index.php?rest_route=\/wp\/v2\/posts\/284","targetHints":{"allow":["GET"]}}],"collection":[{"href":"https:\/\/www.blocdelsabat.cat\/index.php?rest_route=\/wp\/v2\/posts"}],"about":[{"href":"https:\/\/www.blocdelsabat.cat\/index.php?rest_route=\/wp\/v2\/types\/post"}],"author":[{"embeddable":true,"href":"https:\/\/www.blocdelsabat.cat\/index.php?rest_route=\/wp\/v2\/users\/2"}],"replies":[{"embeddable":true,"href":"https:\/\/www.blocdelsabat.cat\/index.php?rest_route=%2Fwp%2Fv2%2Fcomments&post=284"}],"version-history":[{"count":0,"href":"https:\/\/www.blocdelsabat.cat\/index.php?rest_route=\/wp\/v2\/posts\/284\/revisions"}],"wp:attachment":[{"href":"https:\/\/www.blocdelsabat.cat\/index.php?rest_route=%2Fwp%2Fv2%2Fmedia&parent=284"}],"wp:term":[{"taxonomy":"category","embeddable":true,"href":"https:\/\/www.blocdelsabat.cat\/index.php?rest_route=%2Fwp%2Fv2%2Fcategories&post=284"},{"taxonomy":"post_tag","embeddable":true,"href":"https:\/\/www.blocdelsabat.cat\/index.php?rest_route=%2Fwp%2Fv2%2Ftags&post=284"}],"curies":[{"name":"wp","href":"https:\/\/api.w.org\/{rel}","templated":true}]}}