{"id":2893,"date":"2016-11-03T12:17:20","date_gmt":"2016-11-03T12:17:20","guid":{"rendered":"https:\/\/peresabat.wordpress.com\/?p=2893"},"modified":"2016-11-03T12:17:20","modified_gmt":"2016-11-03T12:17:20","slug":"les-perles-del-psoe","status":"publish","type":"post","link":"https:\/\/www.blocdelsabat.cat\/?p=2893","title":{"rendered":"Les perles del PSOE"},"content":{"rendered":"<p>&nbsp;<\/p>\n<p><img loading=\"lazy\" decoding=\"async\" class=\"  wp-image-2894 alignleft\" src=\"https:\/\/peresabat.files.wordpress.com\/2016\/11\/rufian.jpg\" alt=\"rufian\" width=\"430\" height=\"242\" \/>\u00ab\u00bfNo les da verg\u00fcenza ser republicanos pero mon\u00e1rquicos, socialistas pero neoliberales, obreros pero en consejos de administraci\u00f3n y de izquierdas pero dando el poder a la derecha?\u00bb. Aquest \u00e9s un fragment del discurs de Gabriel Rufi\u00e1n que ha indignat al PSOE, i a tota la seva premsa af\u00ed, que ha portat fins i tot, al director de El Peri\u00f2dico, a comparar-lo amb Donald Trump. No deixa de ser curi\u00f3s que tota cr\u00edtica a Rufi\u00e1n es basi en la forma. No en el fons, perqu\u00e8 de fet, Rufi\u00e1n no va dir cap mentida. Rufi\u00e1n trenca motlles al Madrid imperial decadent, i diu coses que fins ara ning\u00fa deia. Potser per aix\u00f2 tamb\u00e9 Podemos ha sortit a criticar-lo. Atacs a les formes, no al fons. I potser \u00e9s aix\u00f2. Perqu\u00e8 quan Felipe Gonzalez afirmava \u00abEl independentismo catal\u00e1n es como la aventura alemana o italiana de 1930&#8243; els del PSOE ni es van immutar. O quan Alfonso Guerra deia \u00abvotar sobre independencia es como hacerlo sobre si los maridos pueden pegar a sus mujeres\u00bb. Res. O quan Zapatero sentenciava que &#8220;El derecho a decidir es antinatura&#8221;. No, llavors no passava res, les formes, suposo, eren correctes. Ells sabran. Si volen es poden indignar amb el discurs del Rufi\u00e1n, poden plorar i picar de peus, per\u00f2 la seva vergonya \u00e9s haver callat, i seguir fent-ho. El problema de Rufian, \u00e9s que els hi va treure la bena dels ulls i al mirar-se al mirall, no es van agradar.<\/p>\n<p>Article publicat a El 3 de Vuit<\/p>\n","protected":false},"excerpt":{"rendered":"<p>&nbsp; \u00ab\u00bfNo les da verg\u00fcenza ser republicanos pero mon\u00e1rquicos, socialistas pero neoliberales, obreros pero en consejos de administraci\u00f3n y de izquierdas pero dando el poder a la derecha?\u00bb. Aquest \u00e9s un fragment del discurs de Gabriel Rufi\u00e1n que ha indignat al PSOE, i a tota la seva premsa af\u00ed, que ha portat fins i tot,&#8230;<\/p>\n","protected":false},"author":2,"featured_media":0,"comment_status":"open","ping_status":"open","sticky":false,"template":"","format":"standard","meta":{"footnotes":""},"categories":[26],"tags":[],"class_list":["post-2893","post","type-post","status-publish","format-standard","hentry","category-uncategorized"],"_links":{"self":[{"href":"https:\/\/www.blocdelsabat.cat\/index.php?rest_route=\/wp\/v2\/posts\/2893","targetHints":{"allow":["GET"]}}],"collection":[{"href":"https:\/\/www.blocdelsabat.cat\/index.php?rest_route=\/wp\/v2\/posts"}],"about":[{"href":"https:\/\/www.blocdelsabat.cat\/index.php?rest_route=\/wp\/v2\/types\/post"}],"author":[{"embeddable":true,"href":"https:\/\/www.blocdelsabat.cat\/index.php?rest_route=\/wp\/v2\/users\/2"}],"replies":[{"embeddable":true,"href":"https:\/\/www.blocdelsabat.cat\/index.php?rest_route=%2Fwp%2Fv2%2Fcomments&post=2893"}],"version-history":[{"count":0,"href":"https:\/\/www.blocdelsabat.cat\/index.php?rest_route=\/wp\/v2\/posts\/2893\/revisions"}],"wp:attachment":[{"href":"https:\/\/www.blocdelsabat.cat\/index.php?rest_route=%2Fwp%2Fv2%2Fmedia&parent=2893"}],"wp:term":[{"taxonomy":"category","embeddable":true,"href":"https:\/\/www.blocdelsabat.cat\/index.php?rest_route=%2Fwp%2Fv2%2Fcategories&post=2893"},{"taxonomy":"post_tag","embeddable":true,"href":"https:\/\/www.blocdelsabat.cat\/index.php?rest_route=%2Fwp%2Fv2%2Ftags&post=2893"}],"curies":[{"name":"wp","href":"https:\/\/api.w.org\/{rel}","templated":true}]}}