{"id":29,"date":"2008-02-04T17:01:00","date_gmt":"2008-02-04T17:01:00","guid":{"rendered":"http:\/\/peresabat.wordpress.com\/2008\/02\/04\/altre-cop-lesglesia-cara-al-sol"},"modified":"2008-02-04T17:01:00","modified_gmt":"2008-02-04T17:01:00","slug":"altre-cop-lesglesia-cara-al-sol","status":"publish","type":"post","link":"https:\/\/www.blocdelsabat.cat\/?p=29","title":{"rendered":"Altre cop, l&#8217;esgl\u00e9sia &#8220;cara al sol&#8221;"},"content":{"rendered":"<p><a href=\"http:\/\/peresabat.files.wordpress.com\/2008\/02\/francoesglc3a3c2a9sia1.jpg\"><img decoding=\"async\" alt=\"\" src=\"http:\/\/peresabat.files.wordpress.com\/2008\/02\/franco2besglc3a9sia.jpg?w=300\" border=\"0\" \/><\/a><\/p>\n<div align=\"justify\"><span style=\"font-family:arial;\"><span style=\"font-size:130%;\">Fa uns dies la Confer\u00e8ncia Episcopal Espanyola va fer un manifest en qu\u00e8 es criticava que el govern espanyol hagu\u00e9s negociat amb ETA i com a conseq\u00fc\u00e8ncia, o com a excusa, demanaven el vot per al PP.<\/p>\n<p>B\u00e9 l\u2019esgl\u00e9sia espanyola ha entrat en campanya, torna a fer pol\u00edtica.<\/p>\n<p>Durant aquesta \u00faltima legislatura, els eclesi\u00e0stics s\u2019han mobilitzant molt, vaja que s\u2019han guanyat el sou de l\u2019estat que els paga. Han anat a manifestacions a favor del model cristi\u00e0 de la fam\u00edlia, en contra de la negociaci\u00f3 del Proc\u00e9s de Pau a Euskal Herria\u2026i han finalitzat, coherentment, amb el manifest recomanant el vot pel PP.<br \/>Caldria per\u00f2, fer un recordatori de qu\u00e8 i com \u00e9s aquesta esgl\u00e9sia tant compromesa amb la Paraula de D\u00e9u.<\/p>\n<p>Aquesta esgl\u00e9sia \u00e9s la que va ajudar, finan\u00e7ar, aplaudir i col\u00b7laborar amb el R\u00e8gim Feixista espanyol durant 40 anys des del mateix 18 de Juliol del 36. \u00c9s aquella que passejava el Dictador espanyol sota pals com si d\u2019una divinitat es tract\u00e9s, \u00e9s aquella que saludava amb el bra\u00e7 al\u00e7at, \u00e9s aquella que va callar davant les atrocitats comeses pel R\u00e8gim feixista, \u00e9s aquella que no va fer res per aturar el genocidi catal\u00e0\u2026<br \/>\u00c9s aquella que va donar nom al nacionalcatolicisme usat per la Dictadura.<br \/>(Tot i aix\u00ed, tamb\u00e9 va ser en esgl\u00e9sies on diversos moviments anti-franquistes van poder organitzar-se.)<\/p>\n<p>Davant d\u2019aquest historial, encara els haur\u00edem d\u2019agrair que nom\u00e9s hagin fet un manifest i no hagin comen\u00e7at una nova Guerra Santa.<\/p>\n<p>Les veus de sectors de l\u2019esgl\u00e9sia que hagin posat en entredit el manifest pro-PP, han estat poques. La m\u00e9s important sens dubte, ahir a Montserrat.<br \/>Aquest fet porta a fer-se algunes preguntes. Qu\u00e8 hi ha de l\u2019esgl\u00e9sia catalana? T\u00e9 alguna autonomia per rebutjar els plantejaments de l\u2019espanyola? De qu\u00e8 serveix la Tarraconense?<br \/>L\u2019esgl\u00e9sia catalana hauria de fer m\u00e9s \u00fas d\u2019una paraula molt bonica, per\u00f2 molt dif\u00edcil d\u2019executar: Dignitat.<br \/>Hauria de tenir prou valor, prou valentia per denunciar aquesta utilitzaci\u00f3 i aquest flirteig que els sectors dretans i ultranacionalistes de l\u2019esgl\u00e9sia espanyola fa amb el PP.<br \/>\u00c9s intolerable que el missatge evang\u00e8lic se l\u2019apropi\u00efn precisament els que menys l\u2019apliquen.<\/p>\n<p>Tornen els temps del nacionalcatolissisme ranci, casp\u00f3s, feixista i anticatal\u00e0 de la Dictadura del General Franco.<br \/>Com va dir la germana del President Companys als Guardia Civils del tanatori a on van portar el President despr\u00e9s d\u2019haver-lo assassinat: Perdoneu-los Senyor, que no saben el que es fan&#8221;.<\/p>\n<p>El problema, per\u00f2, \u00e9s que si que ho saben.<br \/><\/span><\/div>\n<p><\/span><\/p>\n<div class=\"blogger-post-footer\"><img width='1' height='1' src='https:\/\/blogger.googleusercontent.com\/tracker\/2467933452740288616-715968581642678660?l=peresabat.blogspot.com' alt='' \/><\/div>\n","protected":false},"excerpt":{"rendered":"<p>Fa uns dies la Confer\u00e8ncia Episcopal Espanyola va fer un manifest en qu\u00e8 es criticava que el govern espanyol hagu\u00e9s negociat amb ETA i com a conseq\u00fc\u00e8ncia, o com a excusa, demanaven el vot per al PP. B\u00e9 l\u2019esgl\u00e9sia espanyola ha entrat en campanya, torna a fer pol\u00edtica. Durant aquesta \u00faltima legislatura, els eclesi\u00e0stics s\u2019han&#8230;<\/p>\n","protected":false},"author":2,"featured_media":0,"comment_status":"open","ping_status":"open","sticky":false,"template":"","format":"standard","meta":{"footnotes":""},"categories":[26],"tags":[],"class_list":["post-29","post","type-post","status-publish","format-standard","hentry","category-uncategorized"],"_links":{"self":[{"href":"https:\/\/www.blocdelsabat.cat\/index.php?rest_route=\/wp\/v2\/posts\/29","targetHints":{"allow":["GET"]}}],"collection":[{"href":"https:\/\/www.blocdelsabat.cat\/index.php?rest_route=\/wp\/v2\/posts"}],"about":[{"href":"https:\/\/www.blocdelsabat.cat\/index.php?rest_route=\/wp\/v2\/types\/post"}],"author":[{"embeddable":true,"href":"https:\/\/www.blocdelsabat.cat\/index.php?rest_route=\/wp\/v2\/users\/2"}],"replies":[{"embeddable":true,"href":"https:\/\/www.blocdelsabat.cat\/index.php?rest_route=%2Fwp%2Fv2%2Fcomments&post=29"}],"version-history":[{"count":0,"href":"https:\/\/www.blocdelsabat.cat\/index.php?rest_route=\/wp\/v2\/posts\/29\/revisions"}],"wp:attachment":[{"href":"https:\/\/www.blocdelsabat.cat\/index.php?rest_route=%2Fwp%2Fv2%2Fmedia&parent=29"}],"wp:term":[{"taxonomy":"category","embeddable":true,"href":"https:\/\/www.blocdelsabat.cat\/index.php?rest_route=%2Fwp%2Fv2%2Fcategories&post=29"},{"taxonomy":"post_tag","embeddable":true,"href":"https:\/\/www.blocdelsabat.cat\/index.php?rest_route=%2Fwp%2Fv2%2Ftags&post=29"}],"curies":[{"name":"wp","href":"https:\/\/api.w.org\/{rel}","templated":true}]}}