{"id":2937,"date":"2017-03-17T11:35:22","date_gmt":"2017-03-17T11:35:22","guid":{"rendered":"https:\/\/peresabat.wordpress.com\/?p=2937"},"modified":"2017-03-17T11:35:22","modified_gmt":"2017-03-17T11:35:22","slug":"una-historia-de-marc","status":"publish","type":"post","link":"https:\/\/www.blocdelsabat.cat\/?p=2937","title":{"rendered":"Una hist\u00f2ria de mar\u00e7"},"content":{"rendered":"<p><img loading=\"lazy\" decoding=\"async\" class=\" size-full wp-image-2939 alignleft\" src=\"https:\/\/peresabat.files.wordpress.com\/2017\/03\/imatgeerc86.jpg\" alt=\"ImatgeERC86\" width=\"460\" height=\"251\" \/>S\u00f3n dos quarts de tres, de qualsevol dia. \u00c9s igual. Prems el 3 i comences a veure el compte enrere del telenot\u00edcies i mates aquests segons pendent de si surt la temperatura de Vilafranca, una temperatura potser massa alta per l\u2019\u00e8poca, per\u00f2 vaja. Dos quarts.<\/p>\n<p>Aquest mes de mar\u00e7 portem una bona ratxa. Dia rere dia not\u00edcies sobre\u00a0 comissions, 3 o 4%, cas Palau, cas Pret\u00f2ria, suborns, corrupci\u00f3&#8230; Un retrat d\u2019una \u00e8poca. Feli\u00e7ment en vies de superar-se.<\/p>\n<p>I que sigui durant el mes de mar\u00e7 t\u00e9 certa gr\u00e0cia. Que coincideixi en la data d\u2019avui, tamb\u00e9. Perqu\u00e8 avui fa 86 anys es va fundar Esquerra Republicana de Catalunya. Un partit sense el qual no s\u2019entendria la hist\u00f2ria, ni la recent, ni la dels \u00faltims 20 anys ni la del temps de la Rep\u00fablica. Un partit que pot dir ben alt que no t\u00e9 casos de corrupci\u00f3 i que no t\u00e9 deutes amb la banca. Un partit lliure.<\/p>\n<p>Pot no quedar massa b\u00e9, per\u00f2 em venia de gust parlar del \u201cnosaltres\u201d. I sobretot, d\u2019on venim. Tenim la immensa sort d\u2019haver fet molt de cam\u00ed, un cam\u00ed constru\u00eft gr\u00e0cies a generacions i generacions que van donar-ho tot pels ideals. Gegants com Salvador Armendares, regidor i diputat als anys 30 que ja llavors defensava aferrissadament la vegueria Pened\u00e8s. \u00c9s una satisfacci\u00f3 immensa veure que ara s\u00ed, \u00e9s una realitat. O gegants tamb\u00e9 com F\u00e8lix Balaguer, el primer alcalde escollit per sufragi universal, l\u2019alcalde de la biblioteca, de les escoles&#8230; O Josep Sanahuja, regidor que va morir al camp d\u2019extermini nazi de Mauthausen. Som tots ells.<\/p>\n<p>Som hereus d\u2019aquesta gent. I Pere Mas i Perera, i de Rodolf Lloren\u00e7. I de tants altres amb qui compartim una hist\u00f2ria carregada de comprom\u00eds amb un pa\u00eds i amb uns ideals de llibertat, transpar\u00e8ncia, igualtat i just\u00edcia. Una hist\u00f2ria feta per homes i dones que generaci\u00f3 rere generaci\u00f3 han donat els millors anys de la seva vida per tirar endavant el seu poble, el pa\u00eds de tots.<\/p>\n<p>Som hereus de gegants que van transformar Vilafranca fent-la bategar com mai abans, fent-la m\u00e9s justa, m\u00e9s social i m\u00e9s culta. Som hereus d\u2019una gent que van ser gegants, que van atrevir-se a mirar m\u00e9s enll\u00e0. I ara, cal tornar-ho a fer.<\/p>\n<p>&nbsp;<\/p>\n<p>&nbsp;<\/p>\n<p>&nbsp;<\/p>\n<p>&nbsp;<\/p>\n<p>&nbsp;<\/p>\n<p>&nbsp;<\/p>\n<p>&nbsp;<\/p>\n","protected":false},"excerpt":{"rendered":"<p>S\u00f3n dos quarts de tres, de qualsevol dia. \u00c9s igual. Prems el 3 i comences a veure el compte enrere del telenot\u00edcies i mates aquests segons pendent de si surt la temperatura de Vilafranca, una temperatura potser massa alta per l\u2019\u00e8poca, per\u00f2 vaja. Dos quarts. Aquest mes de mar\u00e7 portem una bona ratxa. Dia rere&#8230;<\/p>\n","protected":false},"author":2,"featured_media":0,"comment_status":"open","ping_status":"open","sticky":false,"template":"","format":"standard","meta":{"footnotes":""},"categories":[26],"tags":[],"class_list":["post-2937","post","type-post","status-publish","format-standard","hentry","category-uncategorized"],"_links":{"self":[{"href":"https:\/\/www.blocdelsabat.cat\/index.php?rest_route=\/wp\/v2\/posts\/2937","targetHints":{"allow":["GET"]}}],"collection":[{"href":"https:\/\/www.blocdelsabat.cat\/index.php?rest_route=\/wp\/v2\/posts"}],"about":[{"href":"https:\/\/www.blocdelsabat.cat\/index.php?rest_route=\/wp\/v2\/types\/post"}],"author":[{"embeddable":true,"href":"https:\/\/www.blocdelsabat.cat\/index.php?rest_route=\/wp\/v2\/users\/2"}],"replies":[{"embeddable":true,"href":"https:\/\/www.blocdelsabat.cat\/index.php?rest_route=%2Fwp%2Fv2%2Fcomments&post=2937"}],"version-history":[{"count":0,"href":"https:\/\/www.blocdelsabat.cat\/index.php?rest_route=\/wp\/v2\/posts\/2937\/revisions"}],"wp:attachment":[{"href":"https:\/\/www.blocdelsabat.cat\/index.php?rest_route=%2Fwp%2Fv2%2Fmedia&parent=2937"}],"wp:term":[{"taxonomy":"category","embeddable":true,"href":"https:\/\/www.blocdelsabat.cat\/index.php?rest_route=%2Fwp%2Fv2%2Fcategories&post=2937"},{"taxonomy":"post_tag","embeddable":true,"href":"https:\/\/www.blocdelsabat.cat\/index.php?rest_route=%2Fwp%2Fv2%2Ftags&post=2937"}],"curies":[{"name":"wp","href":"https:\/\/api.w.org\/{rel}","templated":true}]}}