{"id":2952,"date":"2017-04-07T11:41:55","date_gmt":"2017-04-07T11:41:55","guid":{"rendered":"https:\/\/peresabat.wordpress.com\/?p=2952"},"modified":"2017-04-07T11:41:55","modified_gmt":"2017-04-07T11:41:55","slug":"el-que-ens-queda-de-franco","status":"publish","type":"post","link":"https:\/\/www.blocdelsabat.cat\/?p=2952","title":{"rendered":"El que ens queda de Franco"},"content":{"rendered":"<p><img loading=\"lazy\" decoding=\"async\" class=\"  wp-image-2953 alignleft\" src=\"https:\/\/peresabat.files.wordpress.com\/2017\/04\/votacic3b3ciu.jpg\" alt=\"votaci\u00f3CIU\" width=\"481\" height=\"361\" \/>Quan aquell que va morir al llit va dir que ho deixava tot \u201catado y bien atado\u201d segurament no anava tan mal desencaminat. \u00c9s cert que el sistema va canviar, va arribar la democr\u00e0cia i hi ha eleccions lliures. Per\u00f2 l\u2019Estat espanyol t\u00e9 un problema d\u2019estructura i podr\u00edem dir-ne de franquisme banal. La seva concepci\u00f3 pol\u00edtica \u00e9s la que preval, \u00e9s la que segueix existint i d\u2019exemples n\u2019hi ha per donar i per vendre. O per no dir de tot l\u2019entremat empresarial que conforma aquest capitalisme del BOE d\u2019amics i coneguts i que s\u2019ha enriquit gr\u00e0cies a unes portes que m\u00e9s que girat\u00f2ries s\u00f3n corredores i que venen de l\u2019\u00e8poca d\u2019aquell r\u00e8gim. Per\u00f2 tamb\u00e9 ens queda m\u00e9s d\u2019aquell temps. La conniv\u00e8ncia amb l\u2019oblit. El no voler recuperar la pr\u00f2pia hist\u00f2ria. Un cert odi classista i una visi\u00f3 negativa pel que fa a investigar i fer just\u00edcia amb les v\u00edctimes de la dictadura feixista. Encara ara, pretendre recuperar la mem\u00f2ria democr\u00e0tica \u00e9s vista per alguns com quelcom que divideix, nom\u00e9s aix\u00ed s\u2019entenen lleis com la d\u2019amnistia i la insuficient llei de mem\u00f2ria del PSOE. Con\u00e8ixer la hist\u00f2ria, afrontar-la i dignificar-la, ha de ser un objectiu fundacional de qualsevol govern. Cal acabar amb l\u2019oblit imposat per la for\u00e7a de les armes durant 40 anys de dictadura i 40 m\u00e9s d\u2019un sistema basat en la ignor\u00e0ncia i l\u2019amn\u00e8sia. I no cal mirar a Madrid per patir aquest oblit, a casa nostra tamb\u00e9 passa.<\/p>\n<p><em>PD: La foto \u00e9s dels regidors de CIU votant en contra d&#8217;una moci\u00f3 per homenatjar a l&#8217;alcalde de la Rep\u00fablica de Vilafranca, en F\u00e8lix Balaguer.<\/em><\/p>\n<p>Article publicat a El 3 de Vuit<\/p>\n","protected":false},"excerpt":{"rendered":"<p>Quan aquell que va morir al llit va dir que ho deixava tot \u201catado y bien atado\u201d segurament no anava tan mal desencaminat. \u00c9s cert que el sistema va canviar, va arribar la democr\u00e0cia i hi ha eleccions lliures. Per\u00f2 l\u2019Estat espanyol t\u00e9 un problema d\u2019estructura i podr\u00edem dir-ne de franquisme banal. La seva concepci\u00f3&#8230;<\/p>\n","protected":false},"author":2,"featured_media":0,"comment_status":"open","ping_status":"open","sticky":false,"template":"","format":"standard","meta":{"footnotes":""},"categories":[26],"tags":[],"class_list":["post-2952","post","type-post","status-publish","format-standard","hentry","category-uncategorized"],"_links":{"self":[{"href":"https:\/\/www.blocdelsabat.cat\/index.php?rest_route=\/wp\/v2\/posts\/2952","targetHints":{"allow":["GET"]}}],"collection":[{"href":"https:\/\/www.blocdelsabat.cat\/index.php?rest_route=\/wp\/v2\/posts"}],"about":[{"href":"https:\/\/www.blocdelsabat.cat\/index.php?rest_route=\/wp\/v2\/types\/post"}],"author":[{"embeddable":true,"href":"https:\/\/www.blocdelsabat.cat\/index.php?rest_route=\/wp\/v2\/users\/2"}],"replies":[{"embeddable":true,"href":"https:\/\/www.blocdelsabat.cat\/index.php?rest_route=%2Fwp%2Fv2%2Fcomments&post=2952"}],"version-history":[{"count":0,"href":"https:\/\/www.blocdelsabat.cat\/index.php?rest_route=\/wp\/v2\/posts\/2952\/revisions"}],"wp:attachment":[{"href":"https:\/\/www.blocdelsabat.cat\/index.php?rest_route=%2Fwp%2Fv2%2Fmedia&parent=2952"}],"wp:term":[{"taxonomy":"category","embeddable":true,"href":"https:\/\/www.blocdelsabat.cat\/index.php?rest_route=%2Fwp%2Fv2%2Fcategories&post=2952"},{"taxonomy":"post_tag","embeddable":true,"href":"https:\/\/www.blocdelsabat.cat\/index.php?rest_route=%2Fwp%2Fv2%2Ftags&post=2952"}],"curies":[{"name":"wp","href":"https:\/\/api.w.org\/{rel}","templated":true}]}}