{"id":2958,"date":"2017-04-21T07:32:33","date_gmt":"2017-04-21T07:32:33","guid":{"rendered":"https:\/\/peresabat.wordpress.com\/?p=2958"},"modified":"2017-04-21T07:32:33","modified_gmt":"2017-04-21T07:32:33","slug":"fets-consumats","status":"publish","type":"post","link":"https:\/\/www.blocdelsabat.cat\/?p=2958","title":{"rendered":"Fets consumats"},"content":{"rendered":"<p><img loading=\"lazy\" decoding=\"async\" class=\"  wp-image-2959 alignleft\" src=\"https:\/\/peresabat.files.wordpress.com\/2017\/04\/ada_colau.jpg\" alt=\"ada_colau\" width=\"473\" height=\"240\" \/>Despr\u00e9s del sainet de Setmana Santa on hi ha intervingut el president Puigdemont reiterant la mort de l\u2019autonomisme peixalcovista encara plantejat per algun il\u00b7luminat -si no vols pols no vagis a l\u2019era i si no vols que et gravin dient coses compromeses no les diguis- arriba l\u2019hora de la veritat. L\u2019ANC comen\u00e7a diumenge la campanya pel S\u00ed sumant-se a altres campanyes com \u201cLa Rep\u00fablica que farem\u201d amb l\u2019objectiu de guanyar el refer\u00e8ndum. I s\u00ed, hi haur\u00e0 refer\u00e8ndum. I aquest \u00e9s el gran punt, el \u201cclic\u201d que far\u00e0 que tothom es mogui. Si la determinaci\u00f3 no decau, si la voluntat de votar persisteix, tots aquells que durant temps i temps han estat jugant a la puta i la ramoneta amb el dret a decidir no veuran altra opci\u00f3 que sumar-s\u2019hi, participar-hi i optar per l\u2019opci\u00f3 del canvi. Per qu\u00e8 davant l\u2019oportunitat de construir un nou pa\u00eds alg\u00fa s\u2019imagina per exemple a alcaldesses que han estat l\u00edders d\u2019entitats socials votant per seguir al Regne d\u2019Espanya governat pel PP i sense esperan\u00e7a d\u2019alternan\u00e7a possible? Alg\u00fa s\u2019imagina diputats que han defensat el dret a votar -per m\u00e9s equilibris que hagin de fer- boicotejant el refer\u00e8ndum? Cal avan\u00e7ar amb fets consumats cap a les urnes, i si al final l\u2019Estat ho impedeix per la for\u00e7a, la legitimitat per fer la declaraci\u00f3 d\u2019independ\u00e8ncia estar\u00e0 m\u00e9s que justificada.<\/p>\n<p>PD: Ah, i feli\u00e7 Sant Jordi!<\/p>\n<p>Article publicat a El 3 de vuit<\/p>\n","protected":false},"excerpt":{"rendered":"<p>Despr\u00e9s del sainet de Setmana Santa on hi ha intervingut el president Puigdemont reiterant la mort de l\u2019autonomisme peixalcovista encara plantejat per algun il\u00b7luminat -si no vols pols no vagis a l\u2019era i si no vols que et gravin dient coses compromeses no les diguis- arriba l\u2019hora de la veritat. L\u2019ANC comen\u00e7a diumenge la campanya&#8230;<\/p>\n","protected":false},"author":2,"featured_media":0,"comment_status":"open","ping_status":"open","sticky":false,"template":"","format":"standard","meta":{"footnotes":""},"categories":[26],"tags":[],"class_list":["post-2958","post","type-post","status-publish","format-standard","hentry","category-uncategorized"],"_links":{"self":[{"href":"https:\/\/www.blocdelsabat.cat\/index.php?rest_route=\/wp\/v2\/posts\/2958","targetHints":{"allow":["GET"]}}],"collection":[{"href":"https:\/\/www.blocdelsabat.cat\/index.php?rest_route=\/wp\/v2\/posts"}],"about":[{"href":"https:\/\/www.blocdelsabat.cat\/index.php?rest_route=\/wp\/v2\/types\/post"}],"author":[{"embeddable":true,"href":"https:\/\/www.blocdelsabat.cat\/index.php?rest_route=\/wp\/v2\/users\/2"}],"replies":[{"embeddable":true,"href":"https:\/\/www.blocdelsabat.cat\/index.php?rest_route=%2Fwp%2Fv2%2Fcomments&post=2958"}],"version-history":[{"count":0,"href":"https:\/\/www.blocdelsabat.cat\/index.php?rest_route=\/wp\/v2\/posts\/2958\/revisions"}],"wp:attachment":[{"href":"https:\/\/www.blocdelsabat.cat\/index.php?rest_route=%2Fwp%2Fv2%2Fmedia&parent=2958"}],"wp:term":[{"taxonomy":"category","embeddable":true,"href":"https:\/\/www.blocdelsabat.cat\/index.php?rest_route=%2Fwp%2Fv2%2Fcategories&post=2958"},{"taxonomy":"post_tag","embeddable":true,"href":"https:\/\/www.blocdelsabat.cat\/index.php?rest_route=%2Fwp%2Fv2%2Ftags&post=2958"}],"curies":[{"name":"wp","href":"https:\/\/api.w.org\/{rel}","templated":true}]}}