{"id":299,"date":"2008-07-24T16:01:00","date_gmt":"2008-07-24T16:01:00","guid":{"rendered":"http:\/\/peresabat.wordpress.com\/2008\/07\/24\/vilafranca-un-any-despres"},"modified":"2008-07-24T16:01:00","modified_gmt":"2008-07-24T16:01:00","slug":"vilafranca-un-any-despres","status":"publish","type":"post","link":"https:\/\/www.blocdelsabat.cat\/?p=299","title":{"rendered":"Vilafranca, un any despr\u00e9s"},"content":{"rendered":"<p><a href=\"http:\/\/bp2.blogger.com\/_kjTqSD8ASz4\/SIioFEy0IQI\/AAAAAAAAAXE\/_up2q_YpEGM\/s1600-h\/vilafranca.jpg\"><img decoding=\"async\" alt=\"\" src=\"http:\/\/bp2.blogger.com\/_kjTqSD8ASz4\/SIioFEy0IQI\/AAAAAAAAAXE\/_up2q_YpEGM\/s200\/vilafranca.jpg\" border=\"0\" \/><\/a><\/p>\n<div align=\"justify\"><span style=\"font-family:arial;font-size:130%;\">Ara fa una mica m\u00e9s d\u2019un any es van celebrar eleccions municipals al pa\u00eds. Aquestes eleccions van marcar una nova radiografia municipalista del pa\u00eds, en aquestes eleccions es van comen\u00e7ar a marcar certes tend\u00e8ncies que les successives eleccions han acabat d\u2019estabilitzar. <\/span><\/div>\n<p><span style=\"font-family:arial;font-size:130%;\"><\/p>\n<div align=\"justify\">No pretenc intentar parlar sobre les tend\u00e8ncies que han acabat d\u2019agreujar-se despr\u00e8s d\u2019aquella elecci\u00f3, ja que el resultat \u00e9s prou conegut. No, del que vull parlar \u00e9s de Vilafranca. <\/div>\n<div align=\"justify\">Vilafranca despr\u00e8s de les eleccions va quedar en mans del PSC, un PSC que toca Vilafranca des de fa m\u00e9s de 27 anys, un PSC que toca Vilafranca des de les primeres eleccions democr\u00e0tiques.<br \/>Els resultats de les eleccions va deixar a l\u2019alcalde &#8220;dedazo&#8221; en una posici\u00f3 molt compromesa ja que perdia dos regidors i es quedava a tres de la majoria absoluta. Per altra banda CiU, que va capitalitzar el vot com a alternativa de govern, tamb\u00e9 es quedava a tres de la majoria. Completaven l\u2019arc municipal la Cup amb 2 regidors, el PP amb un, Esquerra tamb\u00e9 amb un, i IC-V que entrava per primer cop tamb\u00e9 amb un representant. <\/div>\n<div align=\"justify\">Davant d\u2019aquesta composici\u00f3 hi havia diverses possibilitats. Per una banda la possibilitat d\u2019un govern d\u2019esquerres composat per el PSC, Cup, Esquerra i IC-V. Evidentment la possibilitat &#8220;esquerranosa&#8221; va quedar descartada. Una altra, era la possibilitat &#8220;sobirnaista&#8221; amb CiU(sic), Cup i Esquerra.<br \/>La veritat \u00e9s que cap d\u2019aquests escenaris es va acabar de concretar, i el PSC amb majoria relativa va poder governar investint alcalde a Marcel Esteve. <\/div>\n<div align=\"justify\">D\u2019aix\u00f2 ja en fa m\u00e9s d\u2019un any, i ara \u00e9s hora de pensar. <\/div>\n<div align=\"justify\">El govern en el primer any va poder tirar endavant els pressupostos gr\u00e0cies els vots d\u2019Esquerra i IC-V. El perqu\u00e8 d\u2019aquests suports no \u00e9s coincident entre les dues formacions. Esquerra va portar una llista de diversos punts per poder aprovar els pressupostos, una agenda realment ambiciosa. Gr\u00e0cies a aquest acord de pressupostos s\u2019han engegat diverses accions que sens dubte seran positives per la poblaci\u00f3 de Vilafranca, com per exemple els llibres de text, que tot i tirar per un vessant una mica massa liberal, \u00e9s un gran aven\u00e7 per als vilafranquins i vilafranquines, que tot i les conxorxes i boicots per part d\u2019alg\u00fa, podran gaudir. <\/div>\n<div align=\"justify\">Aquest podria ser el punt \u00e0lgid de l\u2019any, perqu\u00e8 tota la resta m\u00e9s aviat fa pena. El govern actua com si majoria absoluta tingu\u00e9s, amaga informaci\u00f3 i quan no, enganya, i \u00e9s clar, aix\u00ed no es juga. El govern no executa les mocions que aprova el Ple, el govern viu en un n\u00favol i no veu que la gent li est\u00e0 girant l\u2019esquena. El govern est\u00e0 cavant la seva pr\u00f2pia marxa a l\u2019oposici\u00f3. <\/div>\n<div align=\"justify\">Davant d\u2019aquest govern mediocre que Vilafranca t\u00e9, la pregunta \u00e9s qu\u00e8 proposa l\u2019oposici\u00f3 per millorar? Aquest \u00e9s un gran problema, perqu\u00e8 encara no es t\u00e9 una imatge clara del qu\u00e8 vol fer. Converg\u00e8ncia t\u00e9 8 regidors i per tant, \u00e9s qui ha d\u2019agafar la iniciativa del canvi, per\u00f2 un canvi de veritat. No val un canvi d\u2019alcalde i llestos, perqu\u00e8 aix\u00f2 no seria un canvi, seria un peda\u00e7.<br \/>CiU no t\u00e9 clara l\u2019alternativa, tal i com demostra la brillant entrevista que el company Guillem Carol li va fer al cap de CiU a Vilafranca on va ser incapa\u00e7 de dibuixar la Vilafranca que ell vol. <\/div>\n<div align=\"justify\">CiU ha de definir el canvi de model que vol per Vilafranca, CiU t\u00e9 aquesta oportunitat i prou. Tot i aix\u00ed, CiU no t\u00e9 la clau del canvi. La clau la tenen dos regidors que \u00faltimament no fan res m\u00e9s que salvar el govern del PSC. <\/div>\n<div align=\"justify\">Vilafranca necessita un canvi, per\u00f2 de quin canvi parlem?<\/div>\n<div align=\"justify\"><\/span><\/div>\n<div class=\"blogger-post-footer\"><img width='1' height='1' src='https:\/\/blogger.googleusercontent.com\/tracker\/2467933452740288616-859111827296308649?l=peresabat.blogspot.com' alt='' \/><\/div>\n","protected":false},"excerpt":{"rendered":"<p>Ara fa una mica m\u00e9s d\u2019un any es van celebrar eleccions municipals al pa\u00eds. Aquestes eleccions van marcar una nova radiografia municipalista del pa\u00eds, en aquestes eleccions es van comen\u00e7ar a marcar certes tend\u00e8ncies que les successives eleccions han acabat d\u2019estabilitzar. No pretenc intentar parlar sobre les tend\u00e8ncies que han acabat d\u2019agreujar-se despr\u00e8s d\u2019aquella elecci\u00f3,&#8230;<\/p>\n","protected":false},"author":2,"featured_media":0,"comment_status":"open","ping_status":"open","sticky":false,"template":"","format":"standard","meta":{"footnotes":""},"categories":[26],"tags":[],"class_list":["post-299","post","type-post","status-publish","format-standard","hentry","category-uncategorized"],"_links":{"self":[{"href":"https:\/\/www.blocdelsabat.cat\/index.php?rest_route=\/wp\/v2\/posts\/299","targetHints":{"allow":["GET"]}}],"collection":[{"href":"https:\/\/www.blocdelsabat.cat\/index.php?rest_route=\/wp\/v2\/posts"}],"about":[{"href":"https:\/\/www.blocdelsabat.cat\/index.php?rest_route=\/wp\/v2\/types\/post"}],"author":[{"embeddable":true,"href":"https:\/\/www.blocdelsabat.cat\/index.php?rest_route=\/wp\/v2\/users\/2"}],"replies":[{"embeddable":true,"href":"https:\/\/www.blocdelsabat.cat\/index.php?rest_route=%2Fwp%2Fv2%2Fcomments&post=299"}],"version-history":[{"count":0,"href":"https:\/\/www.blocdelsabat.cat\/index.php?rest_route=\/wp\/v2\/posts\/299\/revisions"}],"wp:attachment":[{"href":"https:\/\/www.blocdelsabat.cat\/index.php?rest_route=%2Fwp%2Fv2%2Fmedia&parent=299"}],"wp:term":[{"taxonomy":"category","embeddable":true,"href":"https:\/\/www.blocdelsabat.cat\/index.php?rest_route=%2Fwp%2Fv2%2Fcategories&post=299"},{"taxonomy":"post_tag","embeddable":true,"href":"https:\/\/www.blocdelsabat.cat\/index.php?rest_route=%2Fwp%2Fv2%2Ftags&post=299"}],"curies":[{"name":"wp","href":"https:\/\/api.w.org\/{rel}","templated":true}]}}