{"id":3048,"date":"2018-01-19T08:24:27","date_gmt":"2018-01-19T08:24:27","guid":{"rendered":"https:\/\/peresabat.wordpress.com\/?p=3048"},"modified":"2018-01-19T08:24:27","modified_gmt":"2018-01-19T08:24:27","slug":"maragall-i-torrent","status":"publish","type":"post","link":"https:\/\/www.blocdelsabat.cat\/?p=3048","title":{"rendered":"Maragall i Torrent"},"content":{"rendered":"<p><img loading=\"lazy\" decoding=\"async\" class=\"  wp-image-3049 alignleft\" src=\"https:\/\/peresabat.files.wordpress.com\/2018\/01\/torrent_maragall.jpg\" alt=\"Torrent_Maragall\" width=\"512\" height=\"342\" \/>Dos discursos van marcar el ple del Parlament de dimecres. Dues maneres d\u2019explicar el moment on som, diuen que\u00a0potser diferents, per\u00f2 en tot cas complement\u00e0ries i que configuren com ha de ser els propers passos. Ernest Maragall, diputat d\u2019ERC, va marcar el to, el relat de fons, va explicar el conflicte que vivim lligant com a element iniciador el rebuig a la retallada de l\u2019Estatut. All\u00e0 comen\u00e7a tot i caldria no oblidar-ho. I el moment requereix parlar de la repressi\u00f3 que l\u2019Estat aplica contra Catalunya, parlar de l\u20191 d\u2019octubre, parlar de l\u2019objectiu col\u00b7lectiu majoritari que \u00e9s la Rep\u00fablica. Crec que \u00e9s d\u2019una rellev\u00e0ncia important\u00edssima que fos precisament Maragall qui fes aquest discurs. Maragall \u00e9s i ser\u00e0 sempre un nom lligat al socialisme i representa uns valors i una traject\u00f2ria compartida amb milers i milers de persones. Avui aquells valors nom\u00e9s s\u00f3n possibles de defensar des del projecte republic\u00e0. Per altra banda el president del Parlament Roger Torrent, va fer un discurs centrat en la voluntat de cosir el pa\u00eds, de defensa dels mandats democr\u00e0tics i de di\u00e0leg i entesa. Una imatge institucional, serena i compromesa. Dos discursos que s\u00f3n un. Una imatge clara per il\u00b7lustrar el qu\u00e8: ampliar per\u00edmetre i majoria, recuperar les institucions i preparar el nou embat. Maragall i Torrent van marcar el to dels propers anys.<\/p>\n<p>Article publicat a El 3 de Vuit<\/p>\n","protected":false},"excerpt":{"rendered":"<p>Dos discursos van marcar el ple del Parlament de dimecres. Dues maneres d\u2019explicar el moment on som, diuen que\u00a0potser diferents, per\u00f2 en tot cas complement\u00e0ries i que configuren com ha de ser els propers passos. Ernest Maragall, diputat d\u2019ERC, va marcar el to, el relat de fons, va explicar el conflicte que vivim lligant com&#8230;<\/p>\n","protected":false},"author":2,"featured_media":0,"comment_status":"open","ping_status":"open","sticky":false,"template":"","format":"standard","meta":{"footnotes":""},"categories":[26],"tags":[],"class_list":["post-3048","post","type-post","status-publish","format-standard","hentry","category-uncategorized"],"_links":{"self":[{"href":"https:\/\/www.blocdelsabat.cat\/index.php?rest_route=\/wp\/v2\/posts\/3048","targetHints":{"allow":["GET"]}}],"collection":[{"href":"https:\/\/www.blocdelsabat.cat\/index.php?rest_route=\/wp\/v2\/posts"}],"about":[{"href":"https:\/\/www.blocdelsabat.cat\/index.php?rest_route=\/wp\/v2\/types\/post"}],"author":[{"embeddable":true,"href":"https:\/\/www.blocdelsabat.cat\/index.php?rest_route=\/wp\/v2\/users\/2"}],"replies":[{"embeddable":true,"href":"https:\/\/www.blocdelsabat.cat\/index.php?rest_route=%2Fwp%2Fv2%2Fcomments&post=3048"}],"version-history":[{"count":0,"href":"https:\/\/www.blocdelsabat.cat\/index.php?rest_route=\/wp\/v2\/posts\/3048\/revisions"}],"wp:attachment":[{"href":"https:\/\/www.blocdelsabat.cat\/index.php?rest_route=%2Fwp%2Fv2%2Fmedia&parent=3048"}],"wp:term":[{"taxonomy":"category","embeddable":true,"href":"https:\/\/www.blocdelsabat.cat\/index.php?rest_route=%2Fwp%2Fv2%2Fcategories&post=3048"},{"taxonomy":"post_tag","embeddable":true,"href":"https:\/\/www.blocdelsabat.cat\/index.php?rest_route=%2Fwp%2Fv2%2Ftags&post=3048"}],"curies":[{"name":"wp","href":"https:\/\/api.w.org\/{rel}","templated":true}]}}