{"id":3051,"date":"2018-02-02T08:22:47","date_gmt":"2018-02-02T08:22:47","guid":{"rendered":"https:\/\/peresabat.wordpress.com\/?p=3051"},"modified":"2018-02-02T08:22:47","modified_gmt":"2018-02-02T08:22:47","slug":"almaia-si-que-val","status":"publish","type":"post","link":"https:\/\/www.blocdelsabat.cat\/?p=3051","title":{"rendered":"Almaia si que val"},"content":{"rendered":"<p><img loading=\"lazy\" decoding=\"async\" class=\"  wp-image-3053 alignleft\" src=\"https:\/\/peresabat.files.wordpress.com\/2018\/02\/amaia2.jpg\" alt=\"amaia2\" width=\"300\" height=\"169\" \/>Ho va recon\u00e8ixer la secretaria general del partit m\u00e9s corrupte d\u2019Europa: les eleccions del 21D es van convocar perqu\u00e8 les guany\u00e9s el bloc del 155. Per aix\u00f2 es va mantenir a la pres\u00f3 Oriol Junqueras i perseguir Puigdemont. Per\u00f2 ni aix\u00ed. El moviment republic\u00e0 va salvar de forma extraordin\u00e0ria el repte i mant\u00e9 la majoria. Un fet que va descol\u00b7locar Madrid i l\u2019ha emp\u00e8s a posar una marxa m\u00e9s, caldr\u00e0 veure quantes m\u00e9s en poden posar, en la tergiversaci\u00f3 jur\u00eddica i fer explosionar l\u2019ordenament constitucional espanyol. Avui tenim les institucions segrestades, tenim el 155 a sobre i patim un bloqueig pol\u00edtic evident. \u00c9s urgent que s\u2019acordi una nova estrat\u00e8gia. I aix\u00f2 passa per veure les coses com s\u00f3n. A cada elecci\u00f3 augmentem el suport a favor de la Rep\u00fablica, per\u00f2 encara no hem superat el 50% del vot en un proc\u00e9s acceptat internacionalment. I \u00e9s una q\u00fcesti\u00f3 necess\u00e0ria tot i no ser suficient. El tauler s\u2019ha mogut i cal veure com hi donem resposta. Podem posar-nos la lupa i mirar a curt termini o agafar els binocles i posar les llargues per sumar. La repressi\u00f3 no s\u2019aturar\u00e0, i per fer-hi front necessitem govern, perqu\u00e8 \u00e9s millor tenir-lo que no tenir-lo i perqu\u00e8 \u00e9s b\u00e0sic per ampliar majoria. Hem de fer valdre els resultats del 21D, malgrat que a l\u2019Estat ja sabem que els \u00fanics vots que respecten s\u00f3n els que trien Almaia per anar a Eurovisi\u00f3.<\/p>\n<p>Article publicat a El 3 de Vuit<\/p>\n","protected":false},"excerpt":{"rendered":"<p>Ho va recon\u00e8ixer la secretaria general del partit m\u00e9s corrupte d\u2019Europa: les eleccions del 21D es van convocar perqu\u00e8 les guany\u00e9s el bloc del 155. Per aix\u00f2 es va mantenir a la pres\u00f3 Oriol Junqueras i perseguir Puigdemont. Per\u00f2 ni aix\u00ed. El moviment republic\u00e0 va salvar de forma extraordin\u00e0ria el repte i mant\u00e9 la majoria&#8230;.<\/p>\n","protected":false},"author":2,"featured_media":0,"comment_status":"open","ping_status":"open","sticky":false,"template":"","format":"standard","meta":{"footnotes":""},"categories":[26],"tags":[],"class_list":["post-3051","post","type-post","status-publish","format-standard","hentry","category-uncategorized"],"_links":{"self":[{"href":"https:\/\/www.blocdelsabat.cat\/index.php?rest_route=\/wp\/v2\/posts\/3051","targetHints":{"allow":["GET"]}}],"collection":[{"href":"https:\/\/www.blocdelsabat.cat\/index.php?rest_route=\/wp\/v2\/posts"}],"about":[{"href":"https:\/\/www.blocdelsabat.cat\/index.php?rest_route=\/wp\/v2\/types\/post"}],"author":[{"embeddable":true,"href":"https:\/\/www.blocdelsabat.cat\/index.php?rest_route=\/wp\/v2\/users\/2"}],"replies":[{"embeddable":true,"href":"https:\/\/www.blocdelsabat.cat\/index.php?rest_route=%2Fwp%2Fv2%2Fcomments&post=3051"}],"version-history":[{"count":0,"href":"https:\/\/www.blocdelsabat.cat\/index.php?rest_route=\/wp\/v2\/posts\/3051\/revisions"}],"wp:attachment":[{"href":"https:\/\/www.blocdelsabat.cat\/index.php?rest_route=%2Fwp%2Fv2%2Fmedia&parent=3051"}],"wp:term":[{"taxonomy":"category","embeddable":true,"href":"https:\/\/www.blocdelsabat.cat\/index.php?rest_route=%2Fwp%2Fv2%2Fcategories&post=3051"},{"taxonomy":"post_tag","embeddable":true,"href":"https:\/\/www.blocdelsabat.cat\/index.php?rest_route=%2Fwp%2Fv2%2Ftags&post=3051"}],"curies":[{"name":"wp","href":"https:\/\/api.w.org\/{rel}","templated":true}]}}