{"id":3101,"date":"2019-06-12T07:50:32","date_gmt":"2019-06-12T07:50:32","guid":{"rendered":"https:\/\/peresabat.wordpress.com\/?p=3101"},"modified":"2023-01-02T17:13:40","modified_gmt":"2023-01-02T17:13:40","slug":"3101-2","status":"publish","type":"post","link":"https:\/\/www.blocdelsabat.cat\/?p=3101","title":{"rendered":"1 d&#8217;octubre de 1936"},"content":{"rendered":"<p align=\"LEFT\"><span style=\"color:#1c2022;\"><span style=\"font-family:Helvetica, Arial, sans-serif;\"><span style=\"font-size:medium;\"><img loading=\"lazy\" decoding=\"async\" class=\"  wp-image-3102 alignleft\" src=\"https:\/\/peresabat.files.wordpress.com\/2019\/06\/alvarezsis.jpg\" alt=\"AlvarezSis\" width=\"308\" height=\"308\">&#8220;El hecho de que fuera Jefe de Estado desde el 1 de octubre de 1936\u201d. Aquesta frase forma part del document on el Tribunal Suprem justifica la no exhumaci\u00f3 del dictador feixista Francisco Franco del Valle de los Ca\u00eddos. Considerar a Franco com a cap d&#8217;estat \u201cl&#8217;1 d&#8217;octubre del 1936\u201d significa que el poder judicial espanyol dona legitimitat a l&#8217;aixecament feixista contra la Rep\u00fablica que va provocar la guerra civil, centenars de milers de morts i 40 anys de dictadura. M\u00e9s enll\u00e0 de que ja de per si l&#8217;exist\u00e8ncia mateixa del Valle de los Ca\u00eddos no s&#8217;aguanta i que seria del tot impossible que a Alemanya hi hagu\u00e9s una monstruositat com aquesta que honor\u00e9s a Hitler i al seu r\u00e8gim totalitari, \u00e9s absolutament aberrant que els poders p\u00fablics d&#8217;un estat pretesament democr\u00e0tic com l&#8217;espanyol tinguin la desvergonya de fer apolog\u00eda del feixisme amb aquesta alegria. I el m\u00e9s greu, \u00e9s que no passa res. Aquest \u00e9s el nivell de la podridura que la transici\u00f3 espanyola ha cronificat. Aquests 40 anys d&#8217;amn\u00e8sia permet que, encara avui, l&#8217;estructura de l&#8217;Estat estigui corcada de feixistes. Ho veiem cada dia al judici contra els presos i preses pol\u00edtiques. Un pa\u00eds sense mem\u00f2ria \u00e9s un pa\u00eds sense \u00e0nima. Un pa\u00eds que ho permet est\u00e0 condemnat a repetir la hist\u00f2ria. Recuperar la mem\u00f2ria hist\u00f2rica i reivindicar la mem\u00f2ria democr\u00e0tica \u00e9s un deure i una obligaci\u00f3.<\/span><\/span><\/span><\/p>\n<p align=\"LEFT\">Article publicat a El 3 de Vuit, 7 de&nbsp; juny del 2019<\/p>\n","protected":false},"excerpt":{"rendered":"<p>&#8220;El hecho de que fuera Jefe de Estado desde el 1 de octubre de 1936\u201d. Aquesta frase forma part del document on el Tribunal Suprem justifica la no exhumaci\u00f3 del dictador feixista Francisco Franco del Valle de los Ca\u00eddos. Considerar a Franco com a cap d&#8217;estat \u201cl&#8217;1 d&#8217;octubre del 1936\u201d significa que el poder judicial&#8230;<\/p>\n","protected":false},"author":2,"featured_media":0,"comment_status":"open","ping_status":"open","sticky":false,"template":"","format":"standard","meta":{"footnotes":""},"categories":[26],"tags":[],"class_list":["post-3101","post","type-post","status-publish","format-standard","hentry","category-uncategorized"],"_links":{"self":[{"href":"https:\/\/www.blocdelsabat.cat\/index.php?rest_route=\/wp\/v2\/posts\/3101","targetHints":{"allow":["GET"]}}],"collection":[{"href":"https:\/\/www.blocdelsabat.cat\/index.php?rest_route=\/wp\/v2\/posts"}],"about":[{"href":"https:\/\/www.blocdelsabat.cat\/index.php?rest_route=\/wp\/v2\/types\/post"}],"author":[{"embeddable":true,"href":"https:\/\/www.blocdelsabat.cat\/index.php?rest_route=\/wp\/v2\/users\/2"}],"replies":[{"embeddable":true,"href":"https:\/\/www.blocdelsabat.cat\/index.php?rest_route=%2Fwp%2Fv2%2Fcomments&post=3101"}],"version-history":[{"count":1,"href":"https:\/\/www.blocdelsabat.cat\/index.php?rest_route=\/wp\/v2\/posts\/3101\/revisions"}],"predecessor-version":[{"id":3769,"href":"https:\/\/www.blocdelsabat.cat\/index.php?rest_route=\/wp\/v2\/posts\/3101\/revisions\/3769"}],"wp:attachment":[{"href":"https:\/\/www.blocdelsabat.cat\/index.php?rest_route=%2Fwp%2Fv2%2Fmedia&parent=3101"}],"wp:term":[{"taxonomy":"category","embeddable":true,"href":"https:\/\/www.blocdelsabat.cat\/index.php?rest_route=%2Fwp%2Fv2%2Fcategories&post=3101"},{"taxonomy":"post_tag","embeddable":true,"href":"https:\/\/www.blocdelsabat.cat\/index.php?rest_route=%2Fwp%2Fv2%2Ftags&post=3101"}],"curies":[{"name":"wp","href":"https:\/\/api.w.org\/{rel}","templated":true}]}}