{"id":3115,"date":"2021-10-15T11:42:51","date_gmt":"2021-10-15T11:42:51","guid":{"rendered":"https:\/\/peresabat.wordpress.com\/?p=3115"},"modified":"2023-01-02T17:12:21","modified_gmt":"2023-01-02T17:12:21","slug":"leducacio-lautentic-pilar","status":"publish","type":"post","link":"https:\/\/www.blocdelsabat.cat\/?p=3115","title":{"rendered":"L&#8217;educaci\u00f3, l&#8217;aut\u00e8ntic pilar"},"content":{"rendered":"\n<p>L\u2019educaci\u00f3 \u00e9s el pilar fonamental de qualsevol societat. Tota societat que es vulgui lliure, inclusiva, c\u00edvica, cr\u00edtica i competent, cal que tingui un sistema educatiu fort i complert. L\u2019escola \u00e9s l\u2019element de transformaci\u00f3 i socialitzaci\u00f3 m\u00e9s potent que tenim, i per tant, cal cuidar-lo. <\/p>\n\n\n\n<p>No hi ha doncs societat de futur que no tingui l\u2019escola al centre de tot. En aquest sentit cal rebre amb satisfacci\u00f3 la decisi\u00f3 del govern de la Generalitat de no renovar els concerts d\u2019aquelles escoles que segreguin per ra\u00f3 de g\u00e8nere. No hi pot haver diners p\u00fablics a cap escola que discrimini, que augmenti els estereotips i que legitimi el sexisme.&nbsp;<\/p>\n\n\n\n<p>A vegades caminar costa, per\u00f2 nom\u00e9s caminant s\u2019avan\u00e7a. Aquesta decisi\u00f3 ha estat llargament esperada. No \u00e9s el primer cop que s\u2019ha intentat, per\u00f2 ara, amb la finalitzaci\u00f3 dels convenis, es podr\u00e0 dur a terme. Governar implica transformar, implica tenir una idea de pa\u00eds, de ciutat, i dur-la a terme. Aix\u00f2 \u00e9s el que est\u00e0 fent el govern Aragon\u00e8s al capdavant de la Generalitat. Amb aquesta mesura o amb la gratu\u00eftat de l\u2019educaci\u00f3 0-3 a partir de l\u2019any que ve. Mesures que fa uns anys semblaven impossibles, i que ara s\u00f3n una realitat. <\/p>\n\n\n\n<p>Cal eliminar tota classe de segregaci\u00f3 del sistema educatiu del pa\u00eds, perqu\u00e8 per garantir la igualtat d\u2019oportunitats cal assegurar que el futur d\u2019un infant no estigui condicionat per raons d\u2019origen, del barri on viu o del nivell econ\u00f2mic de la fam\u00edlia. O per q\u00fcesti\u00f3 de g\u00e8nere. Aquesta \u00e9s una responsabilitat que els governs tenen, transformar les desigualtats, i avan\u00e7ar cap a una societat, un pa\u00eds i unes comunitats m\u00e9s justes.&nbsp;<\/p>\n\n\n\n<p>article publicat a El 3 de vuit<\/p>\n","protected":false},"excerpt":{"rendered":"<p>L\u2019educaci\u00f3 \u00e9s el pilar fonamental de qualsevol societat. Tota societat que es vulgui lliure, inclusiva, c\u00edvica, cr\u00edtica i competent, cal que tingui un sistema educatiu fort i complert. L\u2019escola \u00e9s l\u2019element de transformaci\u00f3 i socialitzaci\u00f3 m\u00e9s potent que tenim, i per tant, cal cuidar-lo. No hi ha doncs societat de futur que no tingui l\u2019escola&#8230;<\/p>\n","protected":false},"author":2,"featured_media":0,"comment_status":"open","ping_status":"open","sticky":false,"template":"","format":"standard","meta":{"footnotes":""},"categories":[26],"tags":[],"class_list":["post-3115","post","type-post","status-publish","format-standard","hentry","category-uncategorized"],"_links":{"self":[{"href":"https:\/\/www.blocdelsabat.cat\/index.php?rest_route=\/wp\/v2\/posts\/3115","targetHints":{"allow":["GET"]}}],"collection":[{"href":"https:\/\/www.blocdelsabat.cat\/index.php?rest_route=\/wp\/v2\/posts"}],"about":[{"href":"https:\/\/www.blocdelsabat.cat\/index.php?rest_route=\/wp\/v2\/types\/post"}],"author":[{"embeddable":true,"href":"https:\/\/www.blocdelsabat.cat\/index.php?rest_route=\/wp\/v2\/users\/2"}],"replies":[{"embeddable":true,"href":"https:\/\/www.blocdelsabat.cat\/index.php?rest_route=%2Fwp%2Fv2%2Fcomments&post=3115"}],"version-history":[{"count":1,"href":"https:\/\/www.blocdelsabat.cat\/index.php?rest_route=\/wp\/v2\/posts\/3115\/revisions"}],"predecessor-version":[{"id":3765,"href":"https:\/\/www.blocdelsabat.cat\/index.php?rest_route=\/wp\/v2\/posts\/3115\/revisions\/3765"}],"wp:attachment":[{"href":"https:\/\/www.blocdelsabat.cat\/index.php?rest_route=%2Fwp%2Fv2%2Fmedia&parent=3115"}],"wp:term":[{"taxonomy":"category","embeddable":true,"href":"https:\/\/www.blocdelsabat.cat\/index.php?rest_route=%2Fwp%2Fv2%2Fcategories&post=3115"},{"taxonomy":"post_tag","embeddable":true,"href":"https:\/\/www.blocdelsabat.cat\/index.php?rest_route=%2Fwp%2Fv2%2Ftags&post=3115"}],"curies":[{"name":"wp","href":"https:\/\/api.w.org\/{rel}","templated":true}]}}