{"id":329,"date":"2008-08-22T15:33:00","date_gmt":"2008-08-22T15:33:00","guid":{"rendered":"http:\/\/peresabat.wordpress.com\/2008\/08\/22\/llibres-destiu-el-sete-camio"},"modified":"2008-08-22T15:33:00","modified_gmt":"2008-08-22T15:33:00","slug":"llibres-destiu-el-sete-camio","status":"publish","type":"post","link":"https:\/\/www.blocdelsabat.cat\/?p=329","title":{"rendered":"Llibres d&#8217;estiu: El set\u00e8 cami\u00f3"},"content":{"rendered":"<p><a href=\"http:\/\/peresabat.files.wordpress.com\/2008\/08\/setecamio1.jpg\"><img decoding=\"async\" alt=\"\" src=\"http:\/\/peresabat.files.wordpress.com\/2008\/08\/setecamio1.jpg?w=200\" border=\"0\" \/><\/a><\/p>\n<div align=\"justify\"><span style=\"font-family:arial;font-size:130%;\">Un dels debats m\u00e9s encesos que actualment hi ha a la nostra societat \u00e9s el referit a la mem\u00f2ria hist\u00f2rica i sobretot als intents de recuperar-la. Els que s\u2019oposen a recuperar-la sovint argumenten que aquest fet tant sols produir\u00e0 que s\u2019obrin velles ferides, ferides que ells consideren tancades. Altres que tamb\u00e9 s\u2019hi oposen ho fan per por, per por al que pugui passar, aquests normalment s\u00f3n els que van viure aquells fets en persona i per tant tenen por que al recordar-ho es puguin tornar a repetir.<\/span><\/div>\n<p><span style=\"font-family:arial;font-size:130%;\"><\/p>\n<div align=\"justify\">En canvi hi ha un seguit de gent que vol recuperar la mem\u00f2ria col.lectiva, i ho vol fer no per buscar venjances, sin\u00f3 per poder entendre millor aquells apassionats anys, uns anys que tenyits de sang i de tristor van canviar la hist\u00f2ria. La Guerra d\u2019Espanya i la Rep\u00fablica que la va precedir, encara guarden molts secrets i petites hist\u00f2ries, hist\u00f2ries i secrets que estan submergits en aquest pacte de silenci que alguns han fet. Encara queda molt per descubrir en relaci\u00f3 a aquell peri\u00f3de. Caldria saber amb m\u00e9s exactitut per exemple la relaci\u00f3 entre les forces feixistes i les tropes de Franco o sobre la no intervenci\u00f3 de les pot\u00e8ncies aliades, caldria saber i descubrir els intents d\u2019acabar la guerra per part d\u2019alguns, caldria identificar els tra\u00efdors, caldria poder saber tantes i tantes coses que \u00e9s impossible deixar oblidar aquells anys. <\/div>\n<div align=\"justify\">Per evitar que petites hist\u00f2ries o petits secrets acabin morint, van apareixent llibres que expliquen algun d\u2019aquests contes mai explicats, llibres que intenten aportar llum sobre un fet que ha quedat ennuvolat pel temps i el silenci. <\/div>\n<div align=\"justify\">Un d\u2019aquests llibres \u00e9s el que ha escrit Assumpta Montal\u00e0 i ha editat Ara Llibres que s\u2019anomena \u201cEl set\u00e9 cami\u00f3\u201d. Aquest \u00e9s un llibre que tracta sobre un fet que va traspassar les portes de la hist\u00f2ria i es va convertir en llegenda. El set\u00e9 cami\u00f3 fa refer\u00e8ncia a un dels camions que en els \u00faltims dies de la Guerra d\u2019Espanya van transportar el conegut com a \u201cel tresor de la Rep\u00fablica\u201d cap a Fran\u00e7a. Aquest tresor estava amagat en diferents punts de la geografia nord-catalana, concretament des de Figueres fins a La Vajol. En diversos castells s\u2019hi amagaren les obres d\u2019art del Pardo i d\u2019altres museus, aix\u00ed com tamb\u00e9 obres religioses, el m\u00e9s important per\u00f2 era el que hi havia amagat en una mina de La Vajol. All\u00e0 hi havia el que quedava de l\u2019or de <em>\u201cel banco de Espa\u00f1a\u201d,<\/em> all\u00e0 sota terra hi havia una cambra subterr\u00e0nia on la Rep\u00fablica guardava el que havia de contribuir a fer m\u00e9s passable l\u2019exili, un exili que ja es veia com a inevitable.<\/div>\n<div align=\"justify\">Les anades i vingudes d\u2019aquell or i d\u2019aquell tresor no les explicar\u00e9, el que si vull dir \u00e9s que si no hagu\u00e9s estat per una d\u2019aquestes persones que creu que tenim dret a decidir si volem saber la nostra hist\u00f2ria, no hagu\u00e9ssim sabut res de com va acabar la hist\u00f2ria del set\u00e8 cami\u00f3, i qui diu el set\u00e9 cami\u00f3 diu del periple que va conduir al President Companys a la mort o de tantes i tantes coses que s\u2019han anat sabent. <\/div>\n<div align=\"justify\">La recuperaci\u00f3 de la mem\u00f2ria doncs no es basa en la venjan\u00e7a o en el ressentiment, la recuperaci\u00f3 de la nostra hist\u00f2ria ha de servir per entendre millor el nostre passat, perqu\u00e8 nom\u00e9s d\u2019aquesta manera poderm entendre el pa\u00eds en qu\u00e8 vivim.<\/span><\/div>\n<p><\/p>\n<div align=\"justify\"> <\/div>\n<div class=\"blogger-post-footer\"><img width='1' height='1' src='https:\/\/blogger.googleusercontent.com\/tracker\/2467933452740288616-3751646444847905881?l=peresabat.blogspot.com' alt='' \/><\/div>\n","protected":false},"excerpt":{"rendered":"<p>Un dels debats m\u00e9s encesos que actualment hi ha a la nostra societat \u00e9s el referit a la mem\u00f2ria hist\u00f2rica i sobretot als intents de recuperar-la. Els que s\u2019oposen a recuperar-la sovint argumenten que aquest fet tant sols produir\u00e0 que s\u2019obrin velles ferides, ferides que ells consideren tancades. Altres que tamb\u00e9 s\u2019hi oposen ho fan&#8230;<\/p>\n","protected":false},"author":2,"featured_media":0,"comment_status":"open","ping_status":"open","sticky":false,"template":"","format":"standard","meta":{"footnotes":""},"categories":[26],"tags":[],"class_list":["post-329","post","type-post","status-publish","format-standard","hentry","category-uncategorized"],"_links":{"self":[{"href":"https:\/\/www.blocdelsabat.cat\/index.php?rest_route=\/wp\/v2\/posts\/329","targetHints":{"allow":["GET"]}}],"collection":[{"href":"https:\/\/www.blocdelsabat.cat\/index.php?rest_route=\/wp\/v2\/posts"}],"about":[{"href":"https:\/\/www.blocdelsabat.cat\/index.php?rest_route=\/wp\/v2\/types\/post"}],"author":[{"embeddable":true,"href":"https:\/\/www.blocdelsabat.cat\/index.php?rest_route=\/wp\/v2\/users\/2"}],"replies":[{"embeddable":true,"href":"https:\/\/www.blocdelsabat.cat\/index.php?rest_route=%2Fwp%2Fv2%2Fcomments&post=329"}],"version-history":[{"count":0,"href":"https:\/\/www.blocdelsabat.cat\/index.php?rest_route=\/wp\/v2\/posts\/329\/revisions"}],"wp:attachment":[{"href":"https:\/\/www.blocdelsabat.cat\/index.php?rest_route=%2Fwp%2Fv2%2Fmedia&parent=329"}],"wp:term":[{"taxonomy":"category","embeddable":true,"href":"https:\/\/www.blocdelsabat.cat\/index.php?rest_route=%2Fwp%2Fv2%2Fcategories&post=329"},{"taxonomy":"post_tag","embeddable":true,"href":"https:\/\/www.blocdelsabat.cat\/index.php?rest_route=%2Fwp%2Fv2%2Ftags&post=329"}],"curies":[{"name":"wp","href":"https:\/\/api.w.org\/{rel}","templated":true}]}}