{"id":341,"date":"2008-08-28T23:31:00","date_gmt":"2008-08-28T23:31:00","guid":{"rendered":"http:\/\/peresabat.wordpress.com\/2008\/08\/28\/fm08-la-tronada"},"modified":"2008-08-28T23:31:00","modified_gmt":"2008-08-28T23:31:00","slug":"fm08-la-tronada","status":"publish","type":"post","link":"https:\/\/www.blocdelsabat.cat\/?p=341","title":{"rendered":"FM&#8217;08; La Tronada"},"content":{"rendered":"<p><a href=\"http:\/\/peresabat.files.wordpress.com\/2008\/08\/fm_11.jpg\"><img decoding=\"async\" alt=\"\" src=\"http:\/\/peresabat.files.wordpress.com\/2008\/08\/fm_11.jpg?w=300\" border=\"0\" \/><\/a><\/p>\n<div align=\"justify\"><span style=\"font-family:arial;font-size:130%;\">Dotze tocs, dotze sons estridents. Dotze, dotze s\u00f3n els sons que precedeixen el m\u00e9s sonor inici de la festa. Despr\u00e8s dels tocs, talment com cap d\u2019any, comen\u00e7a com en aquella data uns rituals, unes liturgies que cada any s\u00f3n iguals, tant semblants i tant nous allhora. A partir d\u2019aquest punt s\u2019inicia la tronada i amb ella, la festa. A partir d\u2019aquest punt, tot Vilafranca es submergeix en l\u2019enbolcallament hiptotitzador, m\u00e0gic de la Major de les Festes. <\/span><\/div>\n<p><span style=\"font-family:arial;font-size:130%;\"><\/p>\n<div align=\"justify\">La tronada, aquest so estrident, aquest so total, total perqu\u00e8 cobreix tots els sentits. Sents la tronada, els coets, el soroll abromador que ho ocupa tot i que obliga a tapar les orelles per por a una devallada del pimp\u00e0; olores, olores l\u2019olor de polv\u00f2ra, a coet cremat, aquella olor picant que entre dins el nas, aquella tant especial i tant caracter\u00edstica; la notes tamb\u00e9 en el tacte, a la pr\u00f2pia pell que s\u2019esborrona en sentir els primers sons com si d\u2019aquells trons d\u2019estiu es tract\u00e9s; l\u2019assaboreixes amb aquella gana dels onze mesos previs en dej\u00fa; i la veus, la veus amb tota la seva esplendor, majestuosa, fumjant i observes la gent presa de l\u2019emoci\u00f3 que crida quan la tronada ha finit. <\/div>\n<div align=\"justify\">La tronada, aquest inici fulgurant, curt en el temps per\u00f2 intens com poques coses en aquesta vida\u2026 La tronada, aquest goig que cada 29 d\u2019agost despr\u00e8s dels dotze tocs del migdia obre les portes de bat a bat a la festa, la tronada, la nostra, la de tots, la de la m\u00e9s t\u00edpica. <\/span><\/div>\n<div> <\/div>\n<div class=\"blogger-post-footer\"><img width='1' height='1' src='https:\/\/blogger.googleusercontent.com\/tracker\/2467933452740288616-2837400677452111995?l=peresabat.blogspot.com' alt='' \/><\/div>\n","protected":false},"excerpt":{"rendered":"<p>Dotze tocs, dotze sons estridents. Dotze, dotze s\u00f3n els sons que precedeixen el m\u00e9s sonor inici de la festa. Despr\u00e8s dels tocs, talment com cap d\u2019any, comen\u00e7a com en aquella data uns rituals, unes liturgies que cada any s\u00f3n iguals, tant semblants i tant nous allhora. A partir d\u2019aquest punt s\u2019inicia la tronada i amb&#8230;<\/p>\n","protected":false},"author":2,"featured_media":0,"comment_status":"open","ping_status":"open","sticky":false,"template":"","format":"standard","meta":{"footnotes":""},"categories":[26],"tags":[],"class_list":["post-341","post","type-post","status-publish","format-standard","hentry","category-uncategorized"],"_links":{"self":[{"href":"https:\/\/www.blocdelsabat.cat\/index.php?rest_route=\/wp\/v2\/posts\/341","targetHints":{"allow":["GET"]}}],"collection":[{"href":"https:\/\/www.blocdelsabat.cat\/index.php?rest_route=\/wp\/v2\/posts"}],"about":[{"href":"https:\/\/www.blocdelsabat.cat\/index.php?rest_route=\/wp\/v2\/types\/post"}],"author":[{"embeddable":true,"href":"https:\/\/www.blocdelsabat.cat\/index.php?rest_route=\/wp\/v2\/users\/2"}],"replies":[{"embeddable":true,"href":"https:\/\/www.blocdelsabat.cat\/index.php?rest_route=%2Fwp%2Fv2%2Fcomments&post=341"}],"version-history":[{"count":0,"href":"https:\/\/www.blocdelsabat.cat\/index.php?rest_route=\/wp\/v2\/posts\/341\/revisions"}],"wp:attachment":[{"href":"https:\/\/www.blocdelsabat.cat\/index.php?rest_route=%2Fwp%2Fv2%2Fmedia&parent=341"}],"wp:term":[{"taxonomy":"category","embeddable":true,"href":"https:\/\/www.blocdelsabat.cat\/index.php?rest_route=%2Fwp%2Fv2%2Fcategories&post=341"},{"taxonomy":"post_tag","embeddable":true,"href":"https:\/\/www.blocdelsabat.cat\/index.php?rest_route=%2Fwp%2Fv2%2Ftags&post=341"}],"curies":[{"name":"wp","href":"https:\/\/api.w.org\/{rel}","templated":true}]}}