{"id":355,"date":"2008-09-05T16:57:00","date_gmt":"2008-09-05T16:57:00","guid":{"rendered":"http:\/\/peresabat.wordpress.com\/2008\/09\/05\/de-donde-soy-o-de-donde-vengo"},"modified":"2008-09-05T16:57:00","modified_gmt":"2008-09-05T16:57:00","slug":"de-donde-soy-o-de-donde-vengo","status":"publish","type":"post","link":"https:\/\/www.blocdelsabat.cat\/?p=355","title":{"rendered":"&#8220;De d\u00f3nde soy o de d\u00f3nde vengo?&#8221;"},"content":{"rendered":"<div align=\"justify\"><a href=\"http:\/\/peresabat.files.wordpress.com\/2008\/09\/pelegripelegripelegri1.jpg\"><img decoding=\"async\" alt=\"\" src=\"http:\/\/peresabat.files.wordpress.com\/2008\/09\/pelegripelegripelegri1.jpg?w=180\" border=\"0\" \/><\/a><br \/><span style=\"font-family:arial;font-size:130%;\">\u00c9s curi\u00f3s, des del 2003 es posa en q\u00fcesti\u00f3 l\u2019estrat\u00e8gia pol\u00edtica d\u2019Esquerra, una estrat\u00e8gia que de tan bona que era ha acabat no acomplint tots els seus objectius. Esquerra va escollir tan el 2003 com el 2006 formar govern amb les forces m\u00e9s progressistes del panorama catal\u00e0 (em nego a definir el PSC d\u2019esquerres tenint gent com el Corbacho) argumentant al 2003 un canvi de model i d\u2019aire nou a la Generalitat, que era necessari, i al 2006 justificant-ho en tant que despr\u00e8s de l\u2019aprovaci\u00f3 del retallat estatut, a nivell nacional tant CiU i el PSC tenien el mateix objectiu, i que per tant es triava l\u2019ampliaci\u00f3 de les pol\u00edtiques socials. <\/span><span style=\"font-family:arial;\"><\/div>\n<div align=\"justify\"><span style=\"font-family:arial;font-size:130%;\">B\u00e9 era una opci\u00f3. Aquesta estrat\u00e8gia va generar llavors, i encara ho continua fent, una contestaci\u00f3 molt gran per part de diversos grups nacionalistes que veien que el referent de l\u2019esquerra nacional i independentista pactava amb un partit com el PSC en detriment de CiU. <\/span><\/div>\n<div align=\"justify\"><span style=\"font-family:arial;font-size:130%;\">Torno a dir sense problemes que defenso al 100% el pacte del 2003, tant per ocasi\u00f3 hist\u00f2rica com per democr\u00e0cia. Despr\u00e8s de 23 anys de nacionalisme moderat de centre-dreta convenia que les esquerres catalanistes oferissin aire nou, i m\u00e9s encara amb l\u2019aprovaci\u00f3 de l\u2019estatut pel mig.<br \/>No puc ser tant rotund amb el pacte del 2006, i tamb\u00e9 sense problemes dic que no acabo de veure quin projecte es porta des de dins del govern. <\/span><\/div>\n<div align=\"justify\"><span style=\"font-family:arial;font-size:130%;\">En tot, per\u00f2, el post d\u2019avui no t\u00e9 per intenci\u00f3 parlar sobre el govern, no. El post d\u2019avui t\u00e9 per intenci\u00f3 parlar sobre el perqu\u00e8 es fa dif\u00edcil que hi hagi una alternativa possible. <\/span><\/div>\n<div align=\"justify\"><span style=\"font-family:arial;font-size:130%;\">A principis de setmana, concretament dimarts, Josep Maria Pelegr\u00ed, Secretari General de Uni\u00f3, va afirmar que \u00e9s impossible pactar amb Esquerra perqu\u00e8 \u00e9s independentista, i que per poder pactar-hi ERC hauria de deixar de ser-ho. Pelegr\u00ed forma part d\u2019un partit, del qual el seu m\u00e0xim dirigent va dir que el principi d\u2019Esquerra \u00e9s no tenir principis. B\u00e9, segurament el fet de no pactar amb Uni\u00f3 demostra tot el contrari, no? <\/span><\/div>\n<div align=\"justify\"><span style=\"font-family:arial;font-size:130%;\">Centrem-nos, Pelegr\u00ed posa aigua al vi en els intents de qu\u00e8 en un futur (proper, lluny\u00e0\u2026) les dues formacions que formen CiU i Esquerra puguin col\u00b7laborar m\u00e9s estretament.<br \/>Darrerament, m\u00e9s ben dit des del 2003, els dirigents de la federaci\u00f3 no han parat de dir tot d\u2019exabruptes en contra d\u2019Esquerra i responsabilitzant-los de la desnacionalitzaci\u00f3 del projecte de pa\u00eds, de la mateixa manera que acusaven a Esquerra de renunciar a coses que ells mateixos abominen, com la independ\u00e8ncia, i aquestes declaracions en s\u00f3n un exemple. <\/span><\/div>\n<div align=\"justify\"><span style=\"font-family:arial;font-size:130%;\">Al Pelegr\u00ed aquest, (que cobreix les pr\u00f2pies incapacitats en un projecte de casa bona i trepes sobre-representats, per qu\u00e8, per quan Uni\u00f3 es presentar\u00e0 sola a les eleccions?) li caldria entendre que potser \u00e9s precisament el rev\u00e9s que Esquerra no ha pactat amb CiU. Pelegr\u00ed hauria d\u2019entendre que Esquerra no podr\u00e0 pactar amb CiU mentre la seva tropa d\u2019unionistes no se separi de CDC. <\/span><\/div>\n<div align=\"justify\"><span style=\"font-family:arial;font-size:130%;\">Perqu\u00e8 miri senyor Pelegr\u00ed, el PSC pot ser moltes coses, per\u00f2 com a m\u00ednim respecte les idees dels altres, en canvi, ja s\u2019ha vist que Uni\u00f3 no ho fa. Vol dir que vost\u00e8 hauria de pactar l\u2019ingr\u00e9s d\u2019Uni\u00f3 amb el PP, que tamb\u00e9 \u00e9s tant tolerant amb les idees dels altres? <\/span><\/div>\n<div align=\"justify\"><span style=\"font-family:arial;font-size:130%;\">Tota la brunete que sospira perqu\u00e8 hi hagi un pacte entre Esquerra i CiU, faria b\u00e9 de no oblidar totes i cada una de les declaracions d\u2019aquests &#8220;nacionalistes&#8221;, nacionalistes que lluiten per mantenir el nostre poble pels segles dels segles dins del Regne d\u2019Espanya. Recordeu quan Duran Lleida va dir que la independ\u00e8ncia li importava un &#8220;carajo&#8221; o el descendent del Camb\u00f3, l\u2019eurodiputat Guardans quan va dir que estava cansat de parlar d\u2019independ\u00e8ncia? Recordeu?<br \/>Amb ells Esquerra podr\u00e0 construir l\u2019horitz\u00f3 nacional de la sobirania? Amb aquests? <\/span><\/div>\n<div align=\"justify\"><span style=\"font-family:arial;font-size:130%;\">No, amb ells no podrem, i no ens enganyem, amb el PSC segurament tampoc. Per\u00f2 no caiguem en la trampa de cremar-ho tot i de pensar que amb CiU anir\u00edem millor com a pa\u00eds, perqu\u00e8 mentre CiU segueixi de la mateixa manera, no hi haur\u00e0 res a fer. <\/span><\/div>\n<div align=\"justify\"><span style=\"font-family:arial;font-size:130%;\">Nom\u00e9s queda l\u2019esperan\u00e7a de qu\u00e8 CDC forci la desfederaci\u00f3 amb Uni\u00f3, llavors ja seria una altra cosa, i tot podria ser possible. <\/span><\/div>\n<div align=\"justify\"><span style=\"font-family:arial;font-size:130%;\"><\/span> <\/div>\n<div align=\"justify\"><span style=\"font-size:130%;\"><br \/><\/span> <\/div>\n<p><\/span><\/p>\n<div class=\"blogger-post-footer\"><img width='1' height='1' src='https:\/\/blogger.googleusercontent.com\/tracker\/2467933452740288616-4104672377808157937?l=peresabat.blogspot.com' alt='' \/><\/div>\n","protected":false},"excerpt":{"rendered":"<p>\u00c9s curi\u00f3s, des del 2003 es posa en q\u00fcesti\u00f3 l\u2019estrat\u00e8gia pol\u00edtica d\u2019Esquerra, una estrat\u00e8gia que de tan bona que era ha acabat no acomplint tots els seus objectius. Esquerra va escollir tan el 2003 com el 2006 formar govern amb les forces m\u00e9s progressistes del panorama catal\u00e0 (em nego a definir el PSC d\u2019esquerres tenint&#8230;<\/p>\n","protected":false},"author":2,"featured_media":0,"comment_status":"open","ping_status":"open","sticky":false,"template":"","format":"standard","meta":{"footnotes":""},"categories":[26],"tags":[],"class_list":["post-355","post","type-post","status-publish","format-standard","hentry","category-uncategorized"],"_links":{"self":[{"href":"https:\/\/www.blocdelsabat.cat\/index.php?rest_route=\/wp\/v2\/posts\/355","targetHints":{"allow":["GET"]}}],"collection":[{"href":"https:\/\/www.blocdelsabat.cat\/index.php?rest_route=\/wp\/v2\/posts"}],"about":[{"href":"https:\/\/www.blocdelsabat.cat\/index.php?rest_route=\/wp\/v2\/types\/post"}],"author":[{"embeddable":true,"href":"https:\/\/www.blocdelsabat.cat\/index.php?rest_route=\/wp\/v2\/users\/2"}],"replies":[{"embeddable":true,"href":"https:\/\/www.blocdelsabat.cat\/index.php?rest_route=%2Fwp%2Fv2%2Fcomments&post=355"}],"version-history":[{"count":0,"href":"https:\/\/www.blocdelsabat.cat\/index.php?rest_route=\/wp\/v2\/posts\/355\/revisions"}],"wp:attachment":[{"href":"https:\/\/www.blocdelsabat.cat\/index.php?rest_route=%2Fwp%2Fv2%2Fmedia&parent=355"}],"wp:term":[{"taxonomy":"category","embeddable":true,"href":"https:\/\/www.blocdelsabat.cat\/index.php?rest_route=%2Fwp%2Fv2%2Fcategories&post=355"},{"taxonomy":"post_tag","embeddable":true,"href":"https:\/\/www.blocdelsabat.cat\/index.php?rest_route=%2Fwp%2Fv2%2Ftags&post=355"}],"curies":[{"name":"wp","href":"https:\/\/api.w.org\/{rel}","templated":true}]}}