{"id":360,"date":"2008-09-07T18:51:00","date_gmt":"2008-09-07T18:51:00","guid":{"rendered":"http:\/\/peresabat.wordpress.com\/2008\/09\/07\/personatge-de-la-setmana-bandera-estelada"},"modified":"2008-09-07T18:51:00","modified_gmt":"2008-09-07T18:51:00","slug":"personatge-de-la-setmana-bandera-estelada","status":"publish","type":"post","link":"https:\/\/www.blocdelsabat.cat\/?p=360","title":{"rendered":"Personatge de la setmana: Bandera estelada"},"content":{"rendered":"<div align=\"justify\"><a href=\"http:\/\/peresabat.files.wordpress.com\/2008\/09\/estelada21.jpg\"><img loading=\"lazy\" decoding=\"async\" height=\"167\" alt=\"\" src=\"http:\/\/peresabat.files.wordpress.com\/2008\/09\/estelada21.jpg?w=300\" width=\"209\" border=\"0\" \/><\/a><br \/><span style=\"font-family:arial;font-size:130%;\">Aquesta setmana el personatge dels \u00faltims set dies no fa refer\u00e8ncia a alg\u00fa que hagi estat not\u00edcia aquests dies, sin\u00f3 m\u00e9s aviat a <em>&#8220;algo&#8221;<\/em> que ho ser\u00e0 en els pr\u00f2xims dies, concretament a la meitat de la setmana. <\/span><\/div>\n<p><span style=\"font-family:arial;font-size:130%;\"><\/p>\n<div align=\"justify\">Dijous es celebra la Diada Nacional de Catalunya i com \u00e9s tradici\u00f3 s\u2019hissaran senyeres als ajuntaments i es penjaran estelades als balcons. Aquest any per\u00f2 en motiu de la commemoraci\u00f3 del centenari de la bandera estelada, de la bandera que encarna els desigs de llibertat i de sobirania del poble catal\u00e0, tamb\u00e9 onejar\u00e0 en diversos ajuntaments del Principat. Les \u00faltimes dades parlaven que uns cinquanta ajuntaments homenatjaran la bandera estelada, entre les quals Vilafranca o altres capitals de comarca com Figueres i Ripoll. <\/div>\n<div align=\"justify\">La situaci\u00f3 de Vilafranca per\u00f2 \u00e9s complicada. El Ple de l\u2019ajuntament va votar per majoria que durant els dies 10 i 11 es peng\u00e9s en un lloc preeminent de l\u2019ajuntament l\u2019ensenya estelada, per\u00f2 l\u2019equip de (des)govern del PSC va votar-hi en contra amb el suport del PP i amb la col\u00b7laboraci\u00f3 covarda d\u2019IC-V. Perqu\u00e8 que ning\u00fa en dubti, si s\u2019hagu\u00e9s proposat penjar la bandera del Tibet, de Palestina o del S\u00e0hara, tant el PSC com IC-V hi haguessin votat a favor, per\u00f2 \u00e9s clar, quan es tracta de casa nostra ens tornem m\u00e9s papistes que el Pepe. <\/div>\n<div align=\"justify\">Sincerament, crec que el (des)govern municipal del senyor Esteve no atendr\u00e0 la voluntat ciutadana, que via Ple, ha manifestat que vol l\u2019estelada penjada al balc\u00f3 de l\u2019ajuntament. L\u2019Esteve segurament no penjar\u00e0 l\u2019estelada al balc\u00f3. Per\u00f2 per qu\u00e8 no?<br \/>Durant el Ple en qu\u00e8 es va aprovar i despr\u00e8s parlant amb militants socialistes de Vilafranca, s\u2019han defensat dient que <em>&#8220;l\u2019estelada no representa a tothom&#8221;<\/em> , que <em>&#8220;la majoria de Vilafranca no la vol&#8221;<\/em> o que <em>&#8221; l\u2019estelada \u00e9s il\u00b7legal&#8221;<\/em> . <\/div>\n<div align=\"justify\">En quant a si representa a tothom no hi ha dubte, \u00e9s clar que no, per\u00f2 de la mateixa manera que ni l\u2019espanyola ni la francesa ho fan, cap bandera representa a tothom. I m\u00e9s encara, a l\u2019ajuntament s\u2019hi ha penjat altres banderes que de ben segur tampoc representen a tota la poblaci\u00f3, per\u00f2 b\u00e9 que es van penjar en el seu moment.<br \/>Quan afirmen que la majoria no la vol, el que estan fent \u00e9s un cop d\u2019estat al sistema democr\u00e0tic. El nostre sistema \u00e9s parlamentari i s\u2019expressa mitjan\u00e7ant les majories, per tant afirmar que la majoria ciutadana no la vol, quan la majoria absoluta del Ple municipal que \u00e9s elegit per la poblaci\u00f3 ha expressat tot el contrari, no \u00e9s menys que un mal favor per la consolidaci\u00f3 de la democr\u00e0cia. La veritat \u00e9s que aquest argument venint dels sociates \u00e9s realment escandal\u00f3s, sobretot perqu\u00e8 obliden que governen un pa\u00eds (el nostre) quan la majoria dels ciutadans no els han votat\u2026<br \/>I sobre si l\u2019estelada \u00e9s il\u00b7legal, doncs res, tranquil\u00b7litzar-los i nom\u00e9s cal que es llegeixin la llei sense l\u2019adoctrinament centralista i jacob\u00ed que els imposen des de m\u00e9s enll\u00e0 de l\u2019Ebre i veuran que l\u2019estelada no \u00e9s il\u00b7legal. <\/div>\n<div align=\"justify\">Tant si el (des)govern de l\u2019Esteve i del PSC pengen o no l\u2019estelada, l\u2019estelada ser\u00e0 al balc\u00f3 amb tots els honors que mereix perqu\u00e8 aix\u00ed ho ha volgut la voluntat popular. El poble \u00e9s el motiu principal del perqu\u00e8 existeix aquesta bandera, una bandera nascuda per alliberar un poble, una gent, unes persones. <\/div>\n<div align=\"justify\">Una bandera nascuda per fer hist\u00f2ria, una bandera que onejar\u00e0 als balcons dels ajuntaments d\u2019arreu del pa\u00eds per escampar les \u00e0nsies de llibertat i de sobirania d\u2019un poble que lluita per ser igual que tots i cadascun dels pobles lliures del m\u00f3n. Sobir\u00e0 i independent. <\/div>\n<div align=\"justify\">L\u2019onze de setembre, l\u2019estelada onejar\u00e0 a l\u2019ajuntament!<\/span> <\/div>\n<div align=\"justify\"><\/div>\n<div class=\"blogger-post-footer\"><img width='1' height='1' src='https:\/\/blogger.googleusercontent.com\/tracker\/2467933452740288616-7192213880901905919?l=peresabat.blogspot.com' alt='' \/><\/div>\n","protected":false},"excerpt":{"rendered":"<p>Aquesta setmana el personatge dels \u00faltims set dies no fa refer\u00e8ncia a alg\u00fa que hagi estat not\u00edcia aquests dies, sin\u00f3 m\u00e9s aviat a &#8220;algo&#8221; que ho ser\u00e0 en els pr\u00f2xims dies, concretament a la meitat de la setmana. Dijous es celebra la Diada Nacional de Catalunya i com \u00e9s tradici\u00f3 s\u2019hissaran senyeres als ajuntaments i&#8230;<\/p>\n","protected":false},"author":2,"featured_media":0,"comment_status":"open","ping_status":"open","sticky":false,"template":"","format":"standard","meta":{"footnotes":""},"categories":[26],"tags":[],"class_list":["post-360","post","type-post","status-publish","format-standard","hentry","category-uncategorized"],"_links":{"self":[{"href":"https:\/\/www.blocdelsabat.cat\/index.php?rest_route=\/wp\/v2\/posts\/360","targetHints":{"allow":["GET"]}}],"collection":[{"href":"https:\/\/www.blocdelsabat.cat\/index.php?rest_route=\/wp\/v2\/posts"}],"about":[{"href":"https:\/\/www.blocdelsabat.cat\/index.php?rest_route=\/wp\/v2\/types\/post"}],"author":[{"embeddable":true,"href":"https:\/\/www.blocdelsabat.cat\/index.php?rest_route=\/wp\/v2\/users\/2"}],"replies":[{"embeddable":true,"href":"https:\/\/www.blocdelsabat.cat\/index.php?rest_route=%2Fwp%2Fv2%2Fcomments&post=360"}],"version-history":[{"count":0,"href":"https:\/\/www.blocdelsabat.cat\/index.php?rest_route=\/wp\/v2\/posts\/360\/revisions"}],"wp:attachment":[{"href":"https:\/\/www.blocdelsabat.cat\/index.php?rest_route=%2Fwp%2Fv2%2Fmedia&parent=360"}],"wp:term":[{"taxonomy":"category","embeddable":true,"href":"https:\/\/www.blocdelsabat.cat\/index.php?rest_route=%2Fwp%2Fv2%2Fcategories&post=360"},{"taxonomy":"post_tag","embeddable":true,"href":"https:\/\/www.blocdelsabat.cat\/index.php?rest_route=%2Fwp%2Fv2%2Ftags&post=360"}],"curies":[{"name":"wp","href":"https:\/\/api.w.org\/{rel}","templated":true}]}}