{"id":37,"date":"2008-02-08T17:01:00","date_gmt":"2008-02-08T17:01:00","guid":{"rendered":"http:\/\/peresabat.wordpress.com\/2008\/02\/08\/incompliments"},"modified":"2008-02-08T17:01:00","modified_gmt":"2008-02-08T17:01:00","slug":"incompliments","status":"publish","type":"post","link":"https:\/\/www.blocdelsabat.cat\/?p=37","title":{"rendered":"Incompliments"},"content":{"rendered":"<p><a href=\"http:\/\/peresabat.files.wordpress.com\/2008\/02\/votacic3a3c2b31.jpg\"><img decoding=\"async\" alt=\"\" src=\"http:\/\/peresabat.files.wordpress.com\/2008\/02\/votacic3b3.jpg?w=300\" border=\"0\" \/><\/a><\/p>\n<div align=\"justify\"><span style=\"font-family:arial;font-size:130%;\">Ahir a les 12:59h al Parlament de Catalunya es votava contra el tra\u00e7at del t\u00fanel de l\u2019AVE per Barcelona. La votaci\u00f3 va tenir el seg\u00fcent resultat: 84 a favor de la moci\u00f3 (CiU, ERC, PP i Mixt) i 48 en contra (PSC i el seu eco, IC-V). La moci\u00f3 s\u2019aprova i el Govern queda instat a defensar la voluntat majorit\u00e0ria del Parlament en aquest aspecte.<br \/>Si, no? Doncs no. El portaveu parlamentari del PSC, un ex-alt c\u00e0rrec del govern espanyol durant l\u2019etapa de les dues G\u2019s (Gonz\u00e1lez-Gal), Miquel Iceta va dir que el Govern catal\u00e0 (que no nom\u00e9s est\u00e0 format per la seva formaci\u00f3) en far\u00e0 cas om\u00eds i que no l\u2019executar\u00e0.<br \/>Aquest fet ens porta a plantejar-nos un tema. S\u00ed el Parlament de forma majorit\u00e0ria exposa una l\u00ednia a seguir, el Govern perqu\u00e8 n\u2019ha de sortir sense l\u2019obligaci\u00f3 d\u2019executar-la? Alguns diuen que \u00e9s perqu\u00e8 en casos de majories simples, l\u2019oposici\u00f3 no pugui governar des de l\u2019oposici\u00f3. D\u2019acord, per\u00f2 no n\u2019hi ha prou.<\/span><\/div>\n<p><span style=\"font-family:arial;font-size:130%;\"><\/p>\n<div align=\"justify\">Aquests fets provoquen l\u2019empobriment de la pol\u00edtica, l\u2019allunyen de la ciutadania. I aix\u00f2 no pot ser.<br \/>La democr\u00e0cia es basa en la voluntat del poble, i aquesta \u00e9s representada en el Parlament, i com a tal, els acords presos per majoria s\u2019han de defensar i acceptar. Entenc que a un Govern defensar una mesura presentada per l\u2019oposici\u00f3 i aprovada amb el seu vot en contra, no \u00e9s agradable, per\u00f2 la sobirania popular \u00e9s intocable, i aquesta recau en el Parlament.<br \/>Els socialistes i el seu eco s\u2019autoanomenen socialistes, i com a tal haurien de defensar la igualtat entre totes les persones. \u00c9s defensar la igualtat passar-se pel forro una decisi\u00f3 presa per gran majoria al Parlament? O \u00e9s que els vots i els diputats socialistes i de l\u2019eco valen per dos o s\u00f3n de m\u00e9s qualitat?<\/div>\n<div align=\"justify\">Ara b\u00e9, no cal anar al Parlament per trobar aquest empobriment. A l\u2019Alt Pened\u00e8s hi ha casos on la podridura de certs governants \u00e9s alt\u00edssima.<br \/>A Sant Sadurn\u00ed on governa CiU i l\u2019AMI (IC-V) no deixen entrar mocions de l\u2019oposici\u00f3 al Ple, perpetrant un greu atac a la llibertat d\u2019expressi\u00f3, o a Castellet i la Gornal on el govern de majoria absolutissima socialista no permet discutir la urg\u00e8ncia d\u2019una moci\u00f3, impedint aix\u00ed la possibilitat de ser discutida.<\/div>\n<div align=\"justify\">Caldria reflexionar sobre la responsabilitat en defensa de la democr\u00e0cia que tenen els nostres representants, en ells recau la sobirania del poble, i al poble, per\u00f2, escollir-los. <\/span><\/div>\n<div class=\"blogger-post-footer\"><img width='1' height='1' src='https:\/\/blogger.googleusercontent.com\/tracker\/2467933452740288616-1111738182137739545?l=peresabat.blogspot.com' alt='' \/><\/div>\n","protected":false},"excerpt":{"rendered":"<p>Ahir a les 12:59h al Parlament de Catalunya es votava contra el tra\u00e7at del t\u00fanel de l\u2019AVE per Barcelona. La votaci\u00f3 va tenir el seg\u00fcent resultat: 84 a favor de la moci\u00f3 (CiU, ERC, PP i Mixt) i 48 en contra (PSC i el seu eco, IC-V). La moci\u00f3 s\u2019aprova i el Govern queda instat&#8230;<\/p>\n","protected":false},"author":2,"featured_media":0,"comment_status":"open","ping_status":"open","sticky":false,"template":"","format":"standard","meta":{"footnotes":""},"categories":[26],"tags":[],"class_list":["post-37","post","type-post","status-publish","format-standard","hentry","category-uncategorized"],"_links":{"self":[{"href":"https:\/\/www.blocdelsabat.cat\/index.php?rest_route=\/wp\/v2\/posts\/37","targetHints":{"allow":["GET"]}}],"collection":[{"href":"https:\/\/www.blocdelsabat.cat\/index.php?rest_route=\/wp\/v2\/posts"}],"about":[{"href":"https:\/\/www.blocdelsabat.cat\/index.php?rest_route=\/wp\/v2\/types\/post"}],"author":[{"embeddable":true,"href":"https:\/\/www.blocdelsabat.cat\/index.php?rest_route=\/wp\/v2\/users\/2"}],"replies":[{"embeddable":true,"href":"https:\/\/www.blocdelsabat.cat\/index.php?rest_route=%2Fwp%2Fv2%2Fcomments&post=37"}],"version-history":[{"count":0,"href":"https:\/\/www.blocdelsabat.cat\/index.php?rest_route=\/wp\/v2\/posts\/37\/revisions"}],"wp:attachment":[{"href":"https:\/\/www.blocdelsabat.cat\/index.php?rest_route=%2Fwp%2Fv2%2Fmedia&parent=37"}],"wp:term":[{"taxonomy":"category","embeddable":true,"href":"https:\/\/www.blocdelsabat.cat\/index.php?rest_route=%2Fwp%2Fv2%2Fcategories&post=37"},{"taxonomy":"post_tag","embeddable":true,"href":"https:\/\/www.blocdelsabat.cat\/index.php?rest_route=%2Fwp%2Fv2%2Ftags&post=37"}],"curies":[{"name":"wp","href":"https:\/\/api.w.org\/{rel}","templated":true}]}}